{"id":3240,"date":"2022-12-15T10:46:57","date_gmt":"2022-12-15T09:46:57","guid":{"rendered":"https:\/\/alfaro.es\/agendaurbana\/?p=3240"},"modified":"2022-12-15T10:53:40","modified_gmt":"2022-12-15T09:53:40","slug":"alfaro-recibira-1-millon-de-euros-con-su-plan-de-sostenibilidad-turistica-identificado-en-el-plan-de-accion-de-alfaro","status":"publish","type":"post","link":"https:\/\/alfaro.es\/agendaurbana\/alfaro-recibira-1-millon-de-euros-con-su-plan-de-sostenibilidad-turistica-identificado-en-el-plan-de-accion-de-alfaro\/","title":{"rendered":"Alfaro recibir\u00e1 1 mill\u00f3n de euros con su plan de Sostenibilidad Tur\u00edstica identificado en el Plan de Acci\u00f3n de Alfaro"},"content":{"rendered":"<p>\u2013 Alfaro (Ayuntamiento): \u2018El vino de siempre\u2019. PST para el municipio de Alfaro. Un mill\u00f3n de euros. Se centra en la puesta en valor de dos yacimientos romanos existentes en la poblaci\u00f3n. Tambi\u00e9n pretende conectar el \u00e1mbito rural y urbano a trav\u00e9s de la movilidad sostenible.<\/p>\n<p><a href=\"https:\/\/nuevecuatrouno.com\/2022\/12\/14\/planes-sostenibilidad-turistica-destino-rioja-proyectos-subvencionados\/\" target=\"_blank\" rel=\"noopener\">Ver noticia completa<\/a><\/p>\n","protected":false},"excerpt":{"rendered":"<p>\u2013 Alfaro (Ayuntamiento): \u2018El vino de siempre\u2019. PST para el municipio de Alfaro. Un mill\u00f3n de euros. Se centra en la puesta en valor de dos yacimientos romanos existentes en la poblaci\u00f3n. Tambi\u00e9n pretende conectar el \u00e1mbito rural y urbano a trav\u00e9s de la movilidad sostenible. Ver noticia completa<\/p>\n","protected":false},"author":1,"featured_media":3241,"comment_status":"open","ping_status":"open","sticky":false,"template":"","format":"standard","meta":{"_acf_changed":false,"_monsterinsights_skip_tracking":false,"_monsterinsights_sitenote_active":false,"_monsterinsights_sitenote_note":"","_monsterinsights_sitenote_category":0,"footnotes":""},"categories":[14],"tags":[],"class_list":["post-3240","post","type-post","status-publish","format-standard","has-post-thumbnail","hentry","category-economia-urbana"],"acf":[],"yoast_head":"<!-- This site is optimized with the Yoast SEO plugin v24.6 - https:\/\/yoast.com\/wordpress\/plugins\/seo\/ -->\n<title>Alfaro recibir\u00e1 1 mill\u00f3n de euros con su plan de Sostenibilidad Tur\u00edstica identificado en el Plan de Acci\u00f3n de Alfaro - Plan de Acci\u00f3n Alfaro<\/title>\n<meta name=\"robots\" content=\"index, follow, max-snippet:-1, max-image-preview:large, max-video-preview:-1\" \/>\n<link rel=\"canonical\" href=\"https:\/\/alfaro.es\/agendaurbana\/alfaro-recibira-1-millon-de-euros-con-su-plan-de-sostenibilidad-turistica-identificado-en-el-plan-de-accion-de-alfaro\/\" \/>\n<meta property=\"og:locale\" content=\"es_ES\" \/>\n<meta property=\"og:type\" content=\"article\" \/>\n<meta property=\"og:title\" content=\"Alfaro recibir\u00e1 1 mill\u00f3n de euros con su plan de Sostenibilidad Tur\u00edstica identificado en el Plan de Acci\u00f3n de Alfaro - Plan de Acci\u00f3n Alfaro\" \/>\n<meta property=\"og:description\" content=\"\u2013 Alfaro (Ayuntamiento): \u2018El vino de siempre\u2019. PST para el municipio de Alfaro. Un mill\u00f3n de euros. Se centra en la puesta en valor de dos yacimientos romanos existentes en la poblaci\u00f3n. Tambi\u00e9n pretende conectar el \u00e1mbito rural y urbano a trav\u00e9s de la movilidad sostenible. Ver noticia completa\" \/>\n<meta property=\"og:url\" content=\"https:\/\/alfaro.es\/agendaurbana\/alfaro-recibira-1-millon-de-euros-con-su-plan-de-sostenibilidad-turistica-identificado-en-el-plan-de-accion-de-alfaro\/\" \/>\n<meta property=\"og:site_name\" content=\"Plan de Acci\u00f3n Alfaro\" \/>\n<meta property=\"article:published_time\" content=\"2022-12-15T09:46:57+00:00\" \/>\n<meta property=\"article:modified_time\" content=\"2022-12-15T09:53:40+00:00\" \/>\n<meta property=\"og:image\" content=\"https:\/\/alfaro.es\/agendaurbana\/wp-content\/uploads\/2022\/12\/Captura-de-Pantalla-2022-12-15-a-las-10.44.59-1024x737.png\" \/>\n\t<meta property=\"og:image:width\" content=\"1024\" \/>\n\t<meta property=\"og:image:height\" content=\"737\" \/>\n\t<meta property=\"og:image:type\" content=\"image\/png\" \/>\n<meta name=\"author\" content=\"cadalzo\" \/>\n<meta name=\"twitter:card\" content=\"summary_large_image\" \/>\n<meta name=\"twitter:label1\" content=\"Escrito por\" \/>\n\t<meta name=\"twitter:data1\" content=\"cadalzo\" \/>\n<script type=\"application\/ld+json\" class=\"yoast-schema-graph\">{\"@context\":\"https:\/\/schema.org\",\"@graph\":[{\"@type\":\"Article\",\"@id\":\"https:\/\/alfaro.es\/agendaurbana\/alfaro-recibira-1-millon-de-euros-con-su-plan-de-sostenibilidad-turistica-identificado-en-el-plan-de-accion-de-alfaro\/#article\",\"isPartOf\":{\"@id\":\"https:\/\/alfaro.es\/agendaurbana\/alfaro-recibira-1-millon-de-euros-con-su-plan-de-sostenibilidad-turistica-identificado-en-el-plan-de-accion-de-alfaro\/\"},\"author\":{\"name\":\"cadalzo\",\"@id\":\"https:\/\/alfaro.es\/agendaurbana\/#\/schema\/person\/de46de97d31dfd2d57e8cbcf995f0563\"},\"headline\":\"Alfaro recibir\u00e1 1 mill\u00f3n de euros con su plan de Sostenibilidad Tur\u00edstica identificado en el Plan de Acci\u00f3n de Alfaro\",\"datePublished\":\"2022-12-15T09:46:57+00:00\",\"dateModified\":\"2022-12-15T09:53:40+00:00\",\"mainEntityOfPage\":{\"@id\":\"https:\/\/alfaro.es\/agendaurbana\/alfaro-recibira-1-millon-de-euros-con-su-plan-de-sostenibilidad-turistica-identificado-en-el-plan-de-accion-de-alfaro\/\"},\"wordCount\":74,\"commentCount\":0,\"publisher\":{\"@id\":\"https:\/\/alfaro.es\/agendaurbana\/#organization\"},\"image\":{\"@id\":\"https:\/\/alfaro.es\/agendaurbana\/alfaro-recibira-1-millon-de-euros-con-su-plan-de-sostenibilidad-turistica-identificado-en-el-plan-de-accion-de-alfaro\/#primaryimage\"},\"thumbnailUrl\":\"https:\/\/alfaro.es\/agendaurbana\/wp-content\/uploads\/2022\/12\/Captura-de-Pantalla-2022-12-15-a-las-10.44.59.png\",\"articleSection\":[\"Econom\u00eda urbana\"],\"inLanguage\":\"es\",\"potentialAction\":[{\"@type\":\"CommentAction\",\"name\":\"Comment\",\"target\":[\"https:\/\/alfaro.es\/agendaurbana\/alfaro-recibira-1-millon-de-euros-con-su-plan-de-sostenibilidad-turistica-identificado-en-el-plan-de-accion-de-alfaro\/#respond\"]}]},{\"@type\":\"WebPage\",\"@id\":\"https:\/\/alfaro.es\/agendaurbana\/alfaro-recibira-1-millon-de-euros-con-su-plan-de-sostenibilidad-turistica-identificado-en-el-plan-de-accion-de-alfaro\/\",\"url\":\"https:\/\/alfaro.es\/agendaurbana\/alfaro-recibira-1-millon-de-euros-con-su-plan-de-sostenibilidad-turistica-identificado-en-el-plan-de-accion-de-alfaro\/\",\"name\":\"Alfaro recibir\u00e1 1 mill\u00f3n de euros con su plan de Sostenibilidad Tur\u00edstica identificado en el Plan de Acci\u00f3n de Alfaro - Plan de Acci\u00f3n Alfaro\",\"isPartOf\":{\"@id\":\"https:\/\/alfaro.es\/agendaurbana\/#website\"},\"primaryImageOfPage\":{\"@id\":\"https:\/\/alfaro.es\/agendaurbana\/alfaro-recibira-1-millon-de-euros-con-su-plan-de-sostenibilidad-turistica-identificado-en-el-plan-de-accion-de-alfaro\/#primaryimage\"},\"image\":{\"@id\":\"https:\/\/alfaro.es\/agendaurbana\/alfaro-recibira-1-millon-de-euros-con-su-plan-de-sostenibilidad-turistica-identificado-en-el-plan-de-accion-de-alfaro\/#primaryimage\"},\"thumbnailUrl\":\"https:\/\/alfaro.es\/agendaurbana\/wp-content\/uploads\/2022\/12\/Captura-de-Pantalla-2022-12-15-a-las-10.44.59.png\",\"datePublished\":\"2022-12-15T09:46:57+00:00\",\"dateModified\":\"2022-12-15T09:53:40+00:00\",\"breadcrumb\":{\"@id\":\"https:\/\/alfaro.es\/agendaurbana\/alfaro-recibira-1-millon-de-euros-con-su-plan-de-sostenibilidad-turistica-identificado-en-el-plan-de-accion-de-alfaro\/#breadcrumb\"},\"inLanguage\":\"es\",\"potentialAction\":[{\"@type\":\"ReadAction\",\"target\":[\"https:\/\/alfaro.es\/agendaurbana\/alfaro-recibira-1-millon-de-euros-con-su-plan-de-sostenibilidad-turistica-identificado-en-el-plan-de-accion-de-alfaro\/\"]}]},{\"@type\":\"ImageObject\",\"inLanguage\":\"es\",\"@id\":\"https:\/\/alfaro.es\/agendaurbana\/alfaro-recibira-1-millon-de-euros-con-su-plan-de-sostenibilidad-turistica-identificado-en-el-plan-de-accion-de-alfaro\/#primaryimage\",\"url\":\"https:\/\/alfaro.es\/agendaurbana\/wp-content\/uploads\/2022\/12\/Captura-de-Pantalla-2022-12-15-a-las-10.44.59.png\",\"contentUrl\":\"https:\/\/alfaro.es\/agendaurbana\/wp-content\/uploads\/2022\/12\/Captura-de-Pantalla-2022-12-15-a-las-10.44.59.png\",\"width\":1722,\"height\":1240},{\"@type\":\"BreadcrumbList\",\"@id\":\"https:\/\/alfaro.es\/agendaurbana\/alfaro-recibira-1-millon-de-euros-con-su-plan-de-sostenibilidad-turistica-identificado-en-el-plan-de-accion-de-alfaro\/#breadcrumb\",\"itemListElement\":[{\"@type\":\"ListItem\",\"position\":1,\"name\":\"Portada\",\"item\":\"https:\/\/alfaro.es\/agendaurbana\/\"},{\"@type\":\"ListItem\",\"position\":2,\"name\":\"Alfaro recibir\u00e1 1 mill\u00f3n de euros con su plan de Sostenibilidad Tur\u00edstica identificado en el Plan de Acci\u00f3n de Alfaro\"}]},{\"@type\":\"WebSite\",\"@id\":\"https:\/\/alfaro.es\/agendaurbana\/#website\",\"url\":\"https:\/\/alfaro.es\/agendaurbana\/\",\"name\":\"Plan de Acci\u00f3n Alfaro\",\"description\":\"Agenda Urbana\",\"publisher\":{\"@id\":\"https:\/\/alfaro.es\/agendaurbana\/#organization\"},\"potentialAction\":[{\"@type\":\"SearchAction\",\"target\":{\"@type\":\"EntryPoint\",\"urlTemplate\":\"https:\/\/alfaro.es\/agendaurbana\/?s={search_term_string}\"},\"query-input\":{\"@type\":\"PropertyValueSpecification\",\"valueRequired\":true,\"valueName\":\"search_term_string\"}}],\"inLanguage\":\"es\"},{\"@type\":\"Organization\",\"@id\":\"https:\/\/alfaro.es\/agendaurbana\/#organization\",\"name\":\"Plan de acci\u00f3n Urbana Alfaro\",\"url\":\"https:\/\/alfaro.es\/agendaurbana\/\",\"logo\":{\"@type\":\"ImageObject\",\"inLanguage\":\"es\",\"@id\":\"https:\/\/alfaro.es\/agendaurbana\/#\/schema\/logo\/image\/\",\"url\":\"https:\/\/alfaro.es\/agendaurbana\/wp-content\/uploads\/2022\/04\/agenda-urbana-alfaro.svg\",\"contentUrl\":\"https:\/\/alfaro.es\/agendaurbana\/wp-content\/uploads\/2022\/04\/agenda-urbana-alfaro.svg\",\"width\":64,\"height\":28,\"caption\":\"Plan de acci\u00f3n Urbana Alfaro\"},\"image\":{\"@id\":\"https:\/\/alfaro.es\/agendaurbana\/#\/schema\/logo\/image\/\"}},{\"@type\":\"Person\",\"@id\":\"https:\/\/alfaro.es\/agendaurbana\/#\/schema\/person\/de46de97d31dfd2d57e8cbcf995f0563\",\"name\":\"cadalzo\",\"image\":{\"@type\":\"ImageObject\",\"inLanguage\":\"es\",\"@id\":\"https:\/\/alfaro.es\/agendaurbana\/#\/schema\/person\/image\/\",\"url\":\"https:\/\/secure.gravatar.com\/avatar\/4862a694a1ff9b01dd7a099132da08e63d5ef074da9676ff3609632d56a18e1a?s=96&d=mm&r=g\",\"contentUrl\":\"https:\/\/secure.gravatar.com\/avatar\/4862a694a1ff9b01dd7a099132da08e63d5ef074da9676ff3609632d56a18e1a?s=96&d=mm&r=g\",\"caption\":\"cadalzo\"},\"sameAs\":[\"https:\/\/alfaro.es\/agendaurbana\"]}]}<\/script>\n<!-- \/ Yoast SEO plugin. -->","yoast_head_json":{"title":"Alfaro recibir\u00e1 1 mill\u00f3n de euros con su plan de Sostenibilidad Tur\u00edstica identificado en el Plan de Acci\u00f3n de Alfaro - Plan de Acci\u00f3n Alfaro","robots":{"index":"index","follow":"follow","max-snippet":"max-snippet:-1","max-image-preview":"max-image-preview:large","max-video-preview":"max-video-preview:-1"},"canonical":"https:\/\/alfaro.es\/agendaurbana\/alfaro-recibira-1-millon-de-euros-con-su-plan-de-sostenibilidad-turistica-identificado-en-el-plan-de-accion-de-alfaro\/","og_locale":"es_ES","og_type":"article","og_title":"Alfaro recibir\u00e1 1 mill\u00f3n de euros con su plan de Sostenibilidad Tur\u00edstica identificado en el Plan de Acci\u00f3n de Alfaro - Plan de Acci\u00f3n Alfaro","og_description":"\u2013 Alfaro (Ayuntamiento): \u2018El vino de siempre\u2019. PST para el municipio de Alfaro. Un mill\u00f3n de euros. Se centra en la puesta en valor de dos yacimientos romanos existentes en la poblaci\u00f3n. Tambi\u00e9n pretende conectar el \u00e1mbito rural y urbano a trav\u00e9s de la movilidad sostenible. Ver noticia completa","og_url":"https:\/\/alfaro.es\/agendaurbana\/alfaro-recibira-1-millon-de-euros-con-su-plan-de-sostenibilidad-turistica-identificado-en-el-plan-de-accion-de-alfaro\/","og_site_name":"Plan de Acci\u00f3n Alfaro","article_published_time":"2022-12-15T09:46:57+00:00","article_modified_time":"2022-12-15T09:53:40+00:00","og_image":[{"width":1024,"height":737,"url":"https:\/\/alfaro.es\/agendaurbana\/wp-content\/uploads\/2022\/12\/Captura-de-Pantalla-2022-12-15-a-las-10.44.59-1024x737.png","type":"image\/png"}],"author":"cadalzo","twitter_card":"summary_large_image","twitter_misc":{"Escrito por":"cadalzo"},"schema":{"@context":"https:\/\/schema.org","@graph":[{"@type":"Article","@id":"https:\/\/alfaro.es\/agendaurbana\/alfaro-recibira-1-millon-de-euros-con-su-plan-de-sostenibilidad-turistica-identificado-en-el-plan-de-accion-de-alfaro\/#article","isPartOf":{"@id":"https:\/\/alfaro.es\/agendaurbana\/alfaro-recibira-1-millon-de-euros-con-su-plan-de-sostenibilidad-turistica-identificado-en-el-plan-de-accion-de-alfaro\/"},"author":{"name":"cadalzo","@id":"https:\/\/alfaro.es\/agendaurbana\/#\/schema\/person\/de46de97d31dfd2d57e8cbcf995f0563"},"headline":"Alfaro recibir\u00e1 1 mill\u00f3n de euros con su plan de Sostenibilidad Tur\u00edstica identificado en el Plan de Acci\u00f3n de Alfaro","datePublished":"2022-12-15T09:46:57+00:00","dateModified":"2022-12-15T09:53:40+00:00","mainEntityOfPage":{"@id":"https:\/\/alfaro.es\/agendaurbana\/alfaro-recibira-1-millon-de-euros-con-su-plan-de-sostenibilidad-turistica-identificado-en-el-plan-de-accion-de-alfaro\/"},"wordCount":74,"commentCount":0,"publisher":{"@id":"https:\/\/alfaro.es\/agendaurbana\/#organization"},"image":{"@id":"https:\/\/alfaro.es\/agendaurbana\/alfaro-recibira-1-millon-de-euros-con-su-plan-de-sostenibilidad-turistica-identificado-en-el-plan-de-accion-de-alfaro\/#primaryimage"},"thumbnailUrl":"https:\/\/alfaro.es\/agendaurbana\/wp-content\/uploads\/2022\/12\/Captura-de-Pantalla-2022-12-15-a-las-10.44.59.png","articleSection":["Econom\u00eda urbana"],"inLanguage":"es","potentialAction":[{"@type":"CommentAction","name":"Comment","target":["https:\/\/alfaro.es\/agendaurbana\/alfaro-recibira-1-millon-de-euros-con-su-plan-de-sostenibilidad-turistica-identificado-en-el-plan-de-accion-de-alfaro\/#respond"]}]},{"@type":"WebPage","@id":"https:\/\/alfaro.es\/agendaurbana\/alfaro-recibira-1-millon-de-euros-con-su-plan-de-sostenibilidad-turistica-identificado-en-el-plan-de-accion-de-alfaro\/","url":"https:\/\/alfaro.es\/agendaurbana\/alfaro-recibira-1-millon-de-euros-con-su-plan-de-sostenibilidad-turistica-identificado-en-el-plan-de-accion-de-alfaro\/","name":"Alfaro recibir\u00e1 1 mill\u00f3n de euros con su plan de Sostenibilidad Tur\u00edstica identificado en el Plan de Acci\u00f3n de Alfaro - Plan de Acci\u00f3n Alfaro","isPartOf":{"@id":"https:\/\/alfaro.es\/agendaurbana\/#website"},"primaryImageOfPage":{"@id":"https:\/\/alfaro.es\/agendaurbana\/alfaro-recibira-1-millon-de-euros-con-su-plan-de-sostenibilidad-turistica-identificado-en-el-plan-de-accion-de-alfaro\/#primaryimage"},"image":{"@id":"https:\/\/alfaro.es\/agendaurbana\/alfaro-recibira-1-millon-de-euros-con-su-plan-de-sostenibilidad-turistica-identificado-en-el-plan-de-accion-de-alfaro\/#primaryimage"},"thumbnailUrl":"https:\/\/alfaro.es\/agendaurbana\/wp-content\/uploads\/2022\/12\/Captura-de-Pantalla-2022-12-15-a-las-10.44.59.png","datePublished":"2022-12-15T09:46:57+00:00","dateModified":"2022-12-15T09:53:40+00:00","breadcrumb":{"@id":"https:\/\/alfaro.es\/agendaurbana\/alfaro-recibira-1-millon-de-euros-con-su-plan-de-sostenibilidad-turistica-identificado-en-el-plan-de-accion-de-alfaro\/#breadcrumb"},"inLanguage":"es","potentialAction":[{"@type":"ReadAction","target":["https:\/\/alfaro.es\/agendaurbana\/alfaro-recibira-1-millon-de-euros-con-su-plan-de-sostenibilidad-turistica-identificado-en-el-plan-de-accion-de-alfaro\/"]}]},{"@type":"ImageObject","inLanguage":"es","@id":"https:\/\/alfaro.es\/agendaurbana\/alfaro-recibira-1-millon-de-euros-con-su-plan-de-sostenibilidad-turistica-identificado-en-el-plan-de-accion-de-alfaro\/#primaryimage","url":"https:\/\/alfaro.es\/agendaurbana\/wp-content\/uploads\/2022\/12\/Captura-de-Pantalla-2022-12-15-a-las-10.44.59.png","contentUrl":"https:\/\/alfaro.es\/agendaurbana\/wp-content\/uploads\/2022\/12\/Captura-de-Pantalla-2022-12-15-a-las-10.44.59.png","width":1722,"height":1240},{"@type":"BreadcrumbList","@id":"https:\/\/alfaro.es\/agendaurbana\/alfaro-recibira-1-millon-de-euros-con-su-plan-de-sostenibilidad-turistica-identificado-en-el-plan-de-accion-de-alfaro\/#breadcrumb","itemListElement":[{"@type":"ListItem","position":1,"name":"Portada","item":"https:\/\/alfaro.es\/agendaurbana\/"},{"@type":"ListItem","position":2,"name":"Alfaro recibir\u00e1 1 mill\u00f3n de euros con su plan de Sostenibilidad Tur\u00edstica identificado en el Plan de Acci\u00f3n de Alfaro"}]},{"@type":"WebSite","@id":"https:\/\/alfaro.es\/agendaurbana\/#website","url":"https:\/\/alfaro.es\/agendaurbana\/","name":"Plan de Acci\u00f3n Alfaro","description":"Agenda Urbana","publisher":{"@id":"https:\/\/alfaro.es\/agendaurbana\/#organization"},"potentialAction":[{"@type":"SearchAction","target":{"@type":"EntryPoint","urlTemplate":"https:\/\/alfaro.es\/agendaurbana\/?s={search_term_string}"},"query-input":{"@type":"PropertyValueSpecification","valueRequired":true,"valueName":"search_term_string"}}],"inLanguage":"es"},{"@type":"Organization","@id":"https:\/\/alfaro.es\/agendaurbana\/#organization","name":"Plan de acci\u00f3n Urbana Alfaro","url":"https:\/\/alfaro.es\/agendaurbana\/","logo":{"@type":"ImageObject","inLanguage":"es","@id":"https:\/\/alfaro.es\/agendaurbana\/#\/schema\/logo\/image\/","url":"https:\/\/alfaro.es\/agendaurbana\/wp-content\/uploads\/2022\/04\/agenda-urbana-alfaro.svg","contentUrl":"https:\/\/alfaro.es\/agendaurbana\/wp-content\/uploads\/2022\/04\/agenda-urbana-alfaro.svg","width":64,"height":28,"caption":"Plan de acci\u00f3n Urbana Alfaro"},"image":{"@id":"https:\/\/alfaro.es\/agendaurbana\/#\/schema\/logo\/image\/"}},{"@type":"Person","@id":"https:\/\/alfaro.es\/agendaurbana\/#\/schema\/person\/de46de97d31dfd2d57e8cbcf995f0563","name":"cadalzo","image":{"@type":"ImageObject","inLanguage":"es","@id":"https:\/\/alfaro.es\/agendaurbana\/#\/schema\/person\/image\/","url":"https:\/\/secure.gravatar.com\/avatar\/4862a694a1ff9b01dd7a099132da08e63d5ef074da9676ff3609632d56a18e1a?s=96&d=mm&r=g","contentUrl":"https:\/\/secure.gravatar.com\/avatar\/4862a694a1ff9b01dd7a099132da08e63d5ef074da9676ff3609632d56a18e1a?s=96&d=mm&r=g","caption":"cadalzo"},"sameAs":["https:\/\/alfaro.es\/agendaurbana"]}]}},"_links":{"self":[{"href":"https:\/\/alfaro.es\/agendaurbana\/wp-json\/wp\/v2\/posts\/3240","targetHints":{"allow":["GET"]}}],"collection":[{"href":"https:\/\/alfaro.es\/agendaurbana\/wp-json\/wp\/v2\/posts"}],"about":[{"href":"https:\/\/alfaro.es\/agendaurbana\/wp-json\/wp\/v2\/types\/post"}],"author":[{"embeddable":true,"href":"https:\/\/alfaro.es\/agendaurbana\/wp-json\/wp\/v2\/users\/1"}],"replies":[{"embeddable":true,"href":"https:\/\/alfaro.es\/agendaurbana\/wp-json\/wp\/v2\/comments?post=3240"}],"version-history":[{"count":2,"href":"https:\/\/alfaro.es\/agendaurbana\/wp-json\/wp\/v2\/posts\/3240\/revisions"}],"predecessor-version":[{"id":3243,"href":"https:\/\/alfaro.es\/agendaurbana\/wp-json\/wp\/v2\/posts\/3240\/revisions\/3243"}],"wp:featuredmedia":[{"embeddable":true,"href":"https:\/\/alfaro.es\/agendaurbana\/wp-json\/wp\/v2\/media\/3241"}],"wp:attachment":[{"href":"https:\/\/alfaro.es\/agendaurbana\/wp-json\/wp\/v2\/media?parent=3240"}],"wp:term":[{"taxonomy":"category","embeddable":true,"href":"https:\/\/alfaro.es\/agendaurbana\/wp-json\/wp\/v2\/categories?post=3240"},{"taxonomy":"post_tag","embeddable":true,"href":"https:\/\/alfaro.es\/agendaurbana\/wp-json\/wp\/v2\/tags?post=3240"}],"curies":[{"name":"wp","href":"https:\/\/api.w.org\/{rel}","templated":true}]}}