{"id":3217,"date":"2022-12-01T11:08:28","date_gmt":"2022-12-01T10:08:28","guid":{"rendered":"https:\/\/alfaro.es\/agendaurbana\/?p=3217"},"modified":"2023-01-10T13:17:33","modified_gmt":"2023-01-10T12:17:33","slug":"el-aparcamiento-de-autocaravanas-recibe-ayudas-del-programa-de-desarrollo-rural","status":"publish","type":"post","link":"https:\/\/alfaro.es\/agendaurbana\/el-aparcamiento-de-autocaravanas-recibe-ayudas-del-programa-de-desarrollo-rural\/","title":{"rendered":"El aparcamiento de autocaravanas recibe ayudas del programa de Desarrollo Rural"},"content":{"rendered":"<p>El Ayuntamiento de Alfaro ha sido seleccionado en el programa de Desarrollo Rural de la Rioja (medida 19 leader) con una ayuda de 36.510,56 \u20ac para la construcci\u00f3n del aparcamiento de autocaravanas. Este es uno de los aparcamientos disuasorios de la estrategia de movilidad urbana sostenible del Plan de Acci\u00f3n Local de la Agenda Urbana, adem\u00e1s de haber sido propuesto por la ciudadan\u00eda en los presupuestos participativos del a\u00f1o 2020.<\/p>\n","protected":false},"excerpt":{"rendered":"<p>El Ayuntamiento de Alfaro ha sido seleccionado en el programa de Desarrollo Rural de la Rioja (medida 19 leader) con una ayuda de 36.510,56 \u20ac para la construcci\u00f3n del aparcamiento de autocaravanas. Este es uno de los aparcamientos disuasorios de la estrategia de movilidad urbana sostenible del Plan de Acci\u00f3n Local de la Agenda Urbana, [&hellip;]<\/p>\n","protected":false},"author":1,"featured_media":3248,"comment_status":"open","ping_status":"open","sticky":false,"template":"","format":"standard","meta":{"_acf_changed":false,"_monsterinsights_skip_tracking":false,"_monsterinsights_sitenote_active":false,"_monsterinsights_sitenote_note":"","_monsterinsights_sitenote_category":0,"footnotes":""},"categories":[12],"tags":[],"class_list":["post-3217","post","type-post","status-publish","format-standard","has-post-thumbnail","hentry","category-movilidad-y-transporte"],"acf":[],"yoast_head":"<!-- This site is optimized with the Yoast SEO plugin v24.6 - https:\/\/yoast.com\/wordpress\/plugins\/seo\/ -->\n<title>El aparcamiento de autocaravanas recibe ayudas del programa de Desarrollo Rural - Plan de Acci\u00f3n Alfaro<\/title>\n<meta name=\"robots\" content=\"index, follow, max-snippet:-1, max-image-preview:large, max-video-preview:-1\" \/>\n<link rel=\"canonical\" href=\"https:\/\/alfaro.es\/agendaurbana\/el-aparcamiento-de-autocaravanas-recibe-ayudas-del-programa-de-desarrollo-rural\/\" \/>\n<meta property=\"og:locale\" content=\"es_ES\" \/>\n<meta property=\"og:type\" content=\"article\" \/>\n<meta property=\"og:title\" content=\"El aparcamiento de autocaravanas recibe ayudas del programa de Desarrollo Rural - Plan de Acci\u00f3n Alfaro\" \/>\n<meta property=\"og:description\" content=\"El Ayuntamiento de Alfaro ha sido seleccionado en el programa de Desarrollo Rural de la Rioja (medida 19 leader) con una ayuda de 36.510,56 \u20ac para la construcci\u00f3n del aparcamiento de autocaravanas. Este es uno de los aparcamientos disuasorios de la estrategia de movilidad urbana sostenible del Plan de Acci\u00f3n Local de la Agenda Urbana, [&hellip;]\" \/>\n<meta property=\"og:url\" content=\"https:\/\/alfaro.es\/agendaurbana\/el-aparcamiento-de-autocaravanas-recibe-ayudas-del-programa-de-desarrollo-rural\/\" \/>\n<meta property=\"og:site_name\" content=\"Plan de Acci\u00f3n Alfaro\" \/>\n<meta property=\"article:published_time\" content=\"2022-12-01T10:08:28+00:00\" \/>\n<meta property=\"article:modified_time\" content=\"2023-01-10T12:17:33+00:00\" \/>\n<meta property=\"og:image\" content=\"https:\/\/alfaro.es\/agendaurbana\/wp-content\/uploads\/2022\/12\/autocaravanas.jpeg\" \/>\n\t<meta property=\"og:image:width\" content=\"620\" \/>\n\t<meta property=\"og:image:height\" content=\"347\" \/>\n\t<meta property=\"og:image:type\" content=\"image\/jpeg\" \/>\n<meta name=\"author\" content=\"cadalzo\" \/>\n<meta name=\"twitter:card\" content=\"summary_large_image\" \/>\n<meta name=\"twitter:label1\" content=\"Escrito por\" \/>\n\t<meta name=\"twitter:data1\" content=\"cadalzo\" \/>\n<script type=\"application\/ld+json\" class=\"yoast-schema-graph\">{\"@context\":\"https:\/\/schema.org\",\"@graph\":[{\"@type\":\"Article\",\"@id\":\"https:\/\/alfaro.es\/agendaurbana\/el-aparcamiento-de-autocaravanas-recibe-ayudas-del-programa-de-desarrollo-rural\/#article\",\"isPartOf\":{\"@id\":\"https:\/\/alfaro.es\/agendaurbana\/el-aparcamiento-de-autocaravanas-recibe-ayudas-del-programa-de-desarrollo-rural\/\"},\"author\":{\"name\":\"cadalzo\",\"@id\":\"https:\/\/alfaro.es\/agendaurbana\/#\/schema\/person\/de46de97d31dfd2d57e8cbcf995f0563\"},\"headline\":\"El aparcamiento de autocaravanas recibe ayudas del programa de Desarrollo Rural\",\"datePublished\":\"2022-12-01T10:08:28+00:00\",\"dateModified\":\"2023-01-10T12:17:33+00:00\",\"mainEntityOfPage\":{\"@id\":\"https:\/\/alfaro.es\/agendaurbana\/el-aparcamiento-de-autocaravanas-recibe-ayudas-del-programa-de-desarrollo-rural\/\"},\"wordCount\":82,\"commentCount\":0,\"publisher\":{\"@id\":\"https:\/\/alfaro.es\/agendaurbana\/#organization\"},\"image\":{\"@id\":\"https:\/\/alfaro.es\/agendaurbana\/el-aparcamiento-de-autocaravanas-recibe-ayudas-del-programa-de-desarrollo-rural\/#primaryimage\"},\"thumbnailUrl\":\"https:\/\/alfaro.es\/agendaurbana\/wp-content\/uploads\/2022\/12\/autocaravanas.jpeg\",\"articleSection\":[\"Movilidad y transporte\"],\"inLanguage\":\"es\",\"potentialAction\":[{\"@type\":\"CommentAction\",\"name\":\"Comment\",\"target\":[\"https:\/\/alfaro.es\/agendaurbana\/el-aparcamiento-de-autocaravanas-recibe-ayudas-del-programa-de-desarrollo-rural\/#respond\"]}]},{\"@type\":\"WebPage\",\"@id\":\"https:\/\/alfaro.es\/agendaurbana\/el-aparcamiento-de-autocaravanas-recibe-ayudas-del-programa-de-desarrollo-rural\/\",\"url\":\"https:\/\/alfaro.es\/agendaurbana\/el-aparcamiento-de-autocaravanas-recibe-ayudas-del-programa-de-desarrollo-rural\/\",\"name\":\"El aparcamiento de autocaravanas recibe ayudas del programa de Desarrollo Rural - Plan de Acci\u00f3n Alfaro\",\"isPartOf\":{\"@id\":\"https:\/\/alfaro.es\/agendaurbana\/#website\"},\"primaryImageOfPage\":{\"@id\":\"https:\/\/alfaro.es\/agendaurbana\/el-aparcamiento-de-autocaravanas-recibe-ayudas-del-programa-de-desarrollo-rural\/#primaryimage\"},\"image\":{\"@id\":\"https:\/\/alfaro.es\/agendaurbana\/el-aparcamiento-de-autocaravanas-recibe-ayudas-del-programa-de-desarrollo-rural\/#primaryimage\"},\"thumbnailUrl\":\"https:\/\/alfaro.es\/agendaurbana\/wp-content\/uploads\/2022\/12\/autocaravanas.jpeg\",\"datePublished\":\"2022-12-01T10:08:28+00:00\",\"dateModified\":\"2023-01-10T12:17:33+00:00\",\"breadcrumb\":{\"@id\":\"https:\/\/alfaro.es\/agendaurbana\/el-aparcamiento-de-autocaravanas-recibe-ayudas-del-programa-de-desarrollo-rural\/#breadcrumb\"},\"inLanguage\":\"es\",\"potentialAction\":[{\"@type\":\"ReadAction\",\"target\":[\"https:\/\/alfaro.es\/agendaurbana\/el-aparcamiento-de-autocaravanas-recibe-ayudas-del-programa-de-desarrollo-rural\/\"]}]},{\"@type\":\"ImageObject\",\"inLanguage\":\"es\",\"@id\":\"https:\/\/alfaro.es\/agendaurbana\/el-aparcamiento-de-autocaravanas-recibe-ayudas-del-programa-de-desarrollo-rural\/#primaryimage\",\"url\":\"https:\/\/alfaro.es\/agendaurbana\/wp-content\/uploads\/2022\/12\/autocaravanas.jpeg\",\"contentUrl\":\"https:\/\/alfaro.es\/agendaurbana\/wp-content\/uploads\/2022\/12\/autocaravanas.jpeg\",\"width\":620,\"height\":347},{\"@type\":\"BreadcrumbList\",\"@id\":\"https:\/\/alfaro.es\/agendaurbana\/el-aparcamiento-de-autocaravanas-recibe-ayudas-del-programa-de-desarrollo-rural\/#breadcrumb\",\"itemListElement\":[{\"@type\":\"ListItem\",\"position\":1,\"name\":\"Portada\",\"item\":\"https:\/\/alfaro.es\/agendaurbana\/\"},{\"@type\":\"ListItem\",\"position\":2,\"name\":\"El aparcamiento de autocaravanas recibe ayudas del programa de Desarrollo Rural\"}]},{\"@type\":\"WebSite\",\"@id\":\"https:\/\/alfaro.es\/agendaurbana\/#website\",\"url\":\"https:\/\/alfaro.es\/agendaurbana\/\",\"name\":\"Plan de Acci\u00f3n Alfaro\",\"description\":\"Agenda Urbana\",\"publisher\":{\"@id\":\"https:\/\/alfaro.es\/agendaurbana\/#organization\"},\"potentialAction\":[{\"@type\":\"SearchAction\",\"target\":{\"@type\":\"EntryPoint\",\"urlTemplate\":\"https:\/\/alfaro.es\/agendaurbana\/?s={search_term_string}\"},\"query-input\":{\"@type\":\"PropertyValueSpecification\",\"valueRequired\":true,\"valueName\":\"search_term_string\"}}],\"inLanguage\":\"es\"},{\"@type\":\"Organization\",\"@id\":\"https:\/\/alfaro.es\/agendaurbana\/#organization\",\"name\":\"Plan de acci\u00f3n Urbana Alfaro\",\"url\":\"https:\/\/alfaro.es\/agendaurbana\/\",\"logo\":{\"@type\":\"ImageObject\",\"inLanguage\":\"es\",\"@id\":\"https:\/\/alfaro.es\/agendaurbana\/#\/schema\/logo\/image\/\",\"url\":\"https:\/\/alfaro.es\/agendaurbana\/wp-content\/uploads\/2022\/04\/agenda-urbana-alfaro.svg\",\"contentUrl\":\"https:\/\/alfaro.es\/agendaurbana\/wp-content\/uploads\/2022\/04\/agenda-urbana-alfaro.svg\",\"width\":64,\"height\":28,\"caption\":\"Plan de acci\u00f3n Urbana Alfaro\"},\"image\":{\"@id\":\"https:\/\/alfaro.es\/agendaurbana\/#\/schema\/logo\/image\/\"}},{\"@type\":\"Person\",\"@id\":\"https:\/\/alfaro.es\/agendaurbana\/#\/schema\/person\/de46de97d31dfd2d57e8cbcf995f0563\",\"name\":\"cadalzo\",\"image\":{\"@type\":\"ImageObject\",\"inLanguage\":\"es\",\"@id\":\"https:\/\/alfaro.es\/agendaurbana\/#\/schema\/person\/image\/\",\"url\":\"https:\/\/secure.gravatar.com\/avatar\/4862a694a1ff9b01dd7a099132da08e63d5ef074da9676ff3609632d56a18e1a?s=96&d=mm&r=g\",\"contentUrl\":\"https:\/\/secure.gravatar.com\/avatar\/4862a694a1ff9b01dd7a099132da08e63d5ef074da9676ff3609632d56a18e1a?s=96&d=mm&r=g\",\"caption\":\"cadalzo\"},\"sameAs\":[\"https:\/\/alfaro.es\/agendaurbana\"]}]}<\/script>\n<!-- \/ Yoast SEO plugin. -->","yoast_head_json":{"title":"El aparcamiento de autocaravanas recibe ayudas del programa de Desarrollo Rural - Plan de Acci\u00f3n Alfaro","robots":{"index":"index","follow":"follow","max-snippet":"max-snippet:-1","max-image-preview":"max-image-preview:large","max-video-preview":"max-video-preview:-1"},"canonical":"https:\/\/alfaro.es\/agendaurbana\/el-aparcamiento-de-autocaravanas-recibe-ayudas-del-programa-de-desarrollo-rural\/","og_locale":"es_ES","og_type":"article","og_title":"El aparcamiento de autocaravanas recibe ayudas del programa de Desarrollo Rural - Plan de Acci\u00f3n Alfaro","og_description":"El Ayuntamiento de Alfaro ha sido seleccionado en el programa de Desarrollo Rural de la Rioja (medida 19 leader) con una ayuda de 36.510,56 \u20ac para la construcci\u00f3n del aparcamiento de autocaravanas. Este es uno de los aparcamientos disuasorios de la estrategia de movilidad urbana sostenible del Plan de Acci\u00f3n Local de la Agenda Urbana, [&hellip;]","og_url":"https:\/\/alfaro.es\/agendaurbana\/el-aparcamiento-de-autocaravanas-recibe-ayudas-del-programa-de-desarrollo-rural\/","og_site_name":"Plan de Acci\u00f3n Alfaro","article_published_time":"2022-12-01T10:08:28+00:00","article_modified_time":"2023-01-10T12:17:33+00:00","og_image":[{"width":620,"height":347,"url":"https:\/\/alfaro.es\/agendaurbana\/wp-content\/uploads\/2022\/12\/autocaravanas.jpeg","type":"image\/jpeg"}],"author":"cadalzo","twitter_card":"summary_large_image","twitter_misc":{"Escrito por":"cadalzo"},"schema":{"@context":"https:\/\/schema.org","@graph":[{"@type":"Article","@id":"https:\/\/alfaro.es\/agendaurbana\/el-aparcamiento-de-autocaravanas-recibe-ayudas-del-programa-de-desarrollo-rural\/#article","isPartOf":{"@id":"https:\/\/alfaro.es\/agendaurbana\/el-aparcamiento-de-autocaravanas-recibe-ayudas-del-programa-de-desarrollo-rural\/"},"author":{"name":"cadalzo","@id":"https:\/\/alfaro.es\/agendaurbana\/#\/schema\/person\/de46de97d31dfd2d57e8cbcf995f0563"},"headline":"El aparcamiento de autocaravanas recibe ayudas del programa de Desarrollo Rural","datePublished":"2022-12-01T10:08:28+00:00","dateModified":"2023-01-10T12:17:33+00:00","mainEntityOfPage":{"@id":"https:\/\/alfaro.es\/agendaurbana\/el-aparcamiento-de-autocaravanas-recibe-ayudas-del-programa-de-desarrollo-rural\/"},"wordCount":82,"commentCount":0,"publisher":{"@id":"https:\/\/alfaro.es\/agendaurbana\/#organization"},"image":{"@id":"https:\/\/alfaro.es\/agendaurbana\/el-aparcamiento-de-autocaravanas-recibe-ayudas-del-programa-de-desarrollo-rural\/#primaryimage"},"thumbnailUrl":"https:\/\/alfaro.es\/agendaurbana\/wp-content\/uploads\/2022\/12\/autocaravanas.jpeg","articleSection":["Movilidad y transporte"],"inLanguage":"es","potentialAction":[{"@type":"CommentAction","name":"Comment","target":["https:\/\/alfaro.es\/agendaurbana\/el-aparcamiento-de-autocaravanas-recibe-ayudas-del-programa-de-desarrollo-rural\/#respond"]}]},{"@type":"WebPage","@id":"https:\/\/alfaro.es\/agendaurbana\/el-aparcamiento-de-autocaravanas-recibe-ayudas-del-programa-de-desarrollo-rural\/","url":"https:\/\/alfaro.es\/agendaurbana\/el-aparcamiento-de-autocaravanas-recibe-ayudas-del-programa-de-desarrollo-rural\/","name":"El aparcamiento de autocaravanas recibe ayudas del programa de Desarrollo Rural - Plan de Acci\u00f3n Alfaro","isPartOf":{"@id":"https:\/\/alfaro.es\/agendaurbana\/#website"},"primaryImageOfPage":{"@id":"https:\/\/alfaro.es\/agendaurbana\/el-aparcamiento-de-autocaravanas-recibe-ayudas-del-programa-de-desarrollo-rural\/#primaryimage"},"image":{"@id":"https:\/\/alfaro.es\/agendaurbana\/el-aparcamiento-de-autocaravanas-recibe-ayudas-del-programa-de-desarrollo-rural\/#primaryimage"},"thumbnailUrl":"https:\/\/alfaro.es\/agendaurbana\/wp-content\/uploads\/2022\/12\/autocaravanas.jpeg","datePublished":"2022-12-01T10:08:28+00:00","dateModified":"2023-01-10T12:17:33+00:00","breadcrumb":{"@id":"https:\/\/alfaro.es\/agendaurbana\/el-aparcamiento-de-autocaravanas-recibe-ayudas-del-programa-de-desarrollo-rural\/#breadcrumb"},"inLanguage":"es","potentialAction":[{"@type":"ReadAction","target":["https:\/\/alfaro.es\/agendaurbana\/el-aparcamiento-de-autocaravanas-recibe-ayudas-del-programa-de-desarrollo-rural\/"]}]},{"@type":"ImageObject","inLanguage":"es","@id":"https:\/\/alfaro.es\/agendaurbana\/el-aparcamiento-de-autocaravanas-recibe-ayudas-del-programa-de-desarrollo-rural\/#primaryimage","url":"https:\/\/alfaro.es\/agendaurbana\/wp-content\/uploads\/2022\/12\/autocaravanas.jpeg","contentUrl":"https:\/\/alfaro.es\/agendaurbana\/wp-content\/uploads\/2022\/12\/autocaravanas.jpeg","width":620,"height":347},{"@type":"BreadcrumbList","@id":"https:\/\/alfaro.es\/agendaurbana\/el-aparcamiento-de-autocaravanas-recibe-ayudas-del-programa-de-desarrollo-rural\/#breadcrumb","itemListElement":[{"@type":"ListItem","position":1,"name":"Portada","item":"https:\/\/alfaro.es\/agendaurbana\/"},{"@type":"ListItem","position":2,"name":"El aparcamiento de autocaravanas recibe ayudas del programa de Desarrollo Rural"}]},{"@type":"WebSite","@id":"https:\/\/alfaro.es\/agendaurbana\/#website","url":"https:\/\/alfaro.es\/agendaurbana\/","name":"Plan de Acci\u00f3n Alfaro","description":"Agenda Urbana","publisher":{"@id":"https:\/\/alfaro.es\/agendaurbana\/#organization"},"potentialAction":[{"@type":"SearchAction","target":{"@type":"EntryPoint","urlTemplate":"https:\/\/alfaro.es\/agendaurbana\/?s={search_term_string}"},"query-input":{"@type":"PropertyValueSpecification","valueRequired":true,"valueName":"search_term_string"}}],"inLanguage":"es"},{"@type":"Organization","@id":"https:\/\/alfaro.es\/agendaurbana\/#organization","name":"Plan de acci\u00f3n Urbana Alfaro","url":"https:\/\/alfaro.es\/agendaurbana\/","logo":{"@type":"ImageObject","inLanguage":"es","@id":"https:\/\/alfaro.es\/agendaurbana\/#\/schema\/logo\/image\/","url":"https:\/\/alfaro.es\/agendaurbana\/wp-content\/uploads\/2022\/04\/agenda-urbana-alfaro.svg","contentUrl":"https:\/\/alfaro.es\/agendaurbana\/wp-content\/uploads\/2022\/04\/agenda-urbana-alfaro.svg","width":64,"height":28,"caption":"Plan de acci\u00f3n Urbana Alfaro"},"image":{"@id":"https:\/\/alfaro.es\/agendaurbana\/#\/schema\/logo\/image\/"}},{"@type":"Person","@id":"https:\/\/alfaro.es\/agendaurbana\/#\/schema\/person\/de46de97d31dfd2d57e8cbcf995f0563","name":"cadalzo","image":{"@type":"ImageObject","inLanguage":"es","@id":"https:\/\/alfaro.es\/agendaurbana\/#\/schema\/person\/image\/","url":"https:\/\/secure.gravatar.com\/avatar\/4862a694a1ff9b01dd7a099132da08e63d5ef074da9676ff3609632d56a18e1a?s=96&d=mm&r=g","contentUrl":"https:\/\/secure.gravatar.com\/avatar\/4862a694a1ff9b01dd7a099132da08e63d5ef074da9676ff3609632d56a18e1a?s=96&d=mm&r=g","caption":"cadalzo"},"sameAs":["https:\/\/alfaro.es\/agendaurbana"]}]}},"_links":{"self":[{"href":"https:\/\/alfaro.es\/agendaurbana\/wp-json\/wp\/v2\/posts\/3217","targetHints":{"allow":["GET"]}}],"collection":[{"href":"https:\/\/alfaro.es\/agendaurbana\/wp-json\/wp\/v2\/posts"}],"about":[{"href":"https:\/\/alfaro.es\/agendaurbana\/wp-json\/wp\/v2\/types\/post"}],"author":[{"embeddable":true,"href":"https:\/\/alfaro.es\/agendaurbana\/wp-json\/wp\/v2\/users\/1"}],"replies":[{"embeddable":true,"href":"https:\/\/alfaro.es\/agendaurbana\/wp-json\/wp\/v2\/comments?post=3217"}],"version-history":[{"count":4,"href":"https:\/\/alfaro.es\/agendaurbana\/wp-json\/wp\/v2\/posts\/3217\/revisions"}],"predecessor-version":[{"id":3251,"href":"https:\/\/alfaro.es\/agendaurbana\/wp-json\/wp\/v2\/posts\/3217\/revisions\/3251"}],"wp:featuredmedia":[{"embeddable":true,"href":"https:\/\/alfaro.es\/agendaurbana\/wp-json\/wp\/v2\/media\/3248"}],"wp:attachment":[{"href":"https:\/\/alfaro.es\/agendaurbana\/wp-json\/wp\/v2\/media?parent=3217"}],"wp:term":[{"taxonomy":"category","embeddable":true,"href":"https:\/\/alfaro.es\/agendaurbana\/wp-json\/wp\/v2\/categories?post=3217"},{"taxonomy":"post_tag","embeddable":true,"href":"https:\/\/alfaro.es\/agendaurbana\/wp-json\/wp\/v2\/tags?post=3217"}],"curies":[{"name":"wp","href":"https:\/\/api.w.org\/{rel}","templated":true}]}}