{"id":3205,"date":"2022-12-01T09:21:08","date_gmt":"2022-12-01T08:21:08","guid":{"rendered":"https:\/\/alfaro.es\/agendaurbana\/?p=3205"},"modified":"2022-12-13T09:30:26","modified_gmt":"2022-12-13T08:30:26","slug":"alfaro-encuentra-el-mana-europeo","status":"publish","type":"post","link":"https:\/\/alfaro.es\/agendaurbana\/alfaro-encuentra-el-mana-europeo\/","title":{"rendered":"Alfaro encuentra el man\u00e1 europeo"},"content":{"rendered":"<p>Alfaro recibe ayudas europeas a los proyectos identificados en su Plan de Acci\u00f3n de la Agenda Urbana<\/p>\n<p><a href=\"https:\/\/nuevecuatrouno.com\/2022\/11\/13\/alfaro-fondos-europeos-colegio-reforma-integral\/\" target=\"_blank\" rel=\"noopener\">Ver noticia completa<\/a><\/p>\n<p><a href=\"https:\/\/nuevecuatrouno.com\/2022\/12\/08\/la-modernidad-llega-al-jose-elorza-de-alfaro-gracias-a-europa\/\" target=\"_blank\" rel=\"noopener\">Ver noticia completa (2)<\/a><\/p>\n","protected":false},"excerpt":{"rendered":"<p>Alfaro recibe ayudas europeas a los proyectos identificados en su Plan de Acci\u00f3n de la Agenda Urbana Ver noticia completa Ver noticia completa (2)<\/p>\n","protected":false},"author":1,"featured_media":3207,"comment_status":"open","ping_status":"open","sticky":false,"template":"","format":"standard","meta":{"_acf_changed":false,"_monsterinsights_skip_tracking":false,"_monsterinsights_sitenote_active":false,"_monsterinsights_sitenote_note":"","_monsterinsights_sitenote_category":0,"footnotes":""},"categories":[16],"tags":[],"class_list":["post-3205","post","type-post","status-publish","format-standard","has-post-thumbnail","hentry","category-instrumentos-de-gobernanza"],"acf":[],"yoast_head":"<!-- This site is optimized with the Yoast SEO plugin v24.6 - https:\/\/yoast.com\/wordpress\/plugins\/seo\/ -->\n<title>Alfaro encuentra el man\u00e1 europeo - Plan de Acci\u00f3n Alfaro<\/title>\n<meta name=\"robots\" content=\"index, follow, max-snippet:-1, max-image-preview:large, max-video-preview:-1\" \/>\n<link rel=\"canonical\" href=\"https:\/\/alfaro.es\/agendaurbana\/alfaro-encuentra-el-mana-europeo\/\" \/>\n<meta property=\"og:locale\" content=\"es_ES\" \/>\n<meta property=\"og:type\" content=\"article\" \/>\n<meta property=\"og:title\" content=\"Alfaro encuentra el man\u00e1 europeo - Plan de Acci\u00f3n Alfaro\" \/>\n<meta property=\"og:description\" content=\"Alfaro recibe ayudas europeas a los proyectos identificados en su Plan de Acci\u00f3n de la Agenda Urbana Ver noticia completa Ver noticia completa (2)\" \/>\n<meta property=\"og:url\" content=\"https:\/\/alfaro.es\/agendaurbana\/alfaro-encuentra-el-mana-europeo\/\" \/>\n<meta property=\"og:site_name\" content=\"Plan de Acci\u00f3n Alfaro\" \/>\n<meta property=\"article:published_time\" content=\"2022-12-01T08:21:08+00:00\" \/>\n<meta property=\"article:modified_time\" content=\"2022-12-13T08:30:26+00:00\" \/>\n<meta property=\"og:image\" content=\"https:\/\/alfaro.es\/agendaurbana\/wp-content\/uploads\/2022\/12\/jose-elorza-alfaro-1024x626.png\" \/>\n\t<meta property=\"og:image:width\" content=\"1024\" \/>\n\t<meta property=\"og:image:height\" content=\"626\" \/>\n\t<meta property=\"og:image:type\" content=\"image\/png\" \/>\n<meta name=\"author\" content=\"cadalzo\" \/>\n<meta name=\"twitter:card\" content=\"summary_large_image\" \/>\n<meta name=\"twitter:label1\" content=\"Escrito por\" \/>\n\t<meta name=\"twitter:data1\" content=\"cadalzo\" \/>\n<script type=\"application\/ld+json\" class=\"yoast-schema-graph\">{\"@context\":\"https:\/\/schema.org\",\"@graph\":[{\"@type\":\"Article\",\"@id\":\"https:\/\/alfaro.es\/agendaurbana\/alfaro-encuentra-el-mana-europeo\/#article\",\"isPartOf\":{\"@id\":\"https:\/\/alfaro.es\/agendaurbana\/alfaro-encuentra-el-mana-europeo\/\"},\"author\":{\"name\":\"cadalzo\",\"@id\":\"https:\/\/alfaro.es\/agendaurbana\/#\/schema\/person\/de46de97d31dfd2d57e8cbcf995f0563\"},\"headline\":\"Alfaro encuentra el man\u00e1 europeo\",\"datePublished\":\"2022-12-01T08:21:08+00:00\",\"dateModified\":\"2022-12-13T08:30:26+00:00\",\"mainEntityOfPage\":{\"@id\":\"https:\/\/alfaro.es\/agendaurbana\/alfaro-encuentra-el-mana-europeo\/\"},\"wordCount\":29,\"commentCount\":0,\"publisher\":{\"@id\":\"https:\/\/alfaro.es\/agendaurbana\/#organization\"},\"image\":{\"@id\":\"https:\/\/alfaro.es\/agendaurbana\/alfaro-encuentra-el-mana-europeo\/#primaryimage\"},\"thumbnailUrl\":\"https:\/\/alfaro.es\/agendaurbana\/wp-content\/uploads\/2022\/12\/jose-elorza-alfaro.png\",\"articleSection\":[\"Instrumentos de gobernanza\"],\"inLanguage\":\"es\",\"potentialAction\":[{\"@type\":\"CommentAction\",\"name\":\"Comment\",\"target\":[\"https:\/\/alfaro.es\/agendaurbana\/alfaro-encuentra-el-mana-europeo\/#respond\"]}]},{\"@type\":\"WebPage\",\"@id\":\"https:\/\/alfaro.es\/agendaurbana\/alfaro-encuentra-el-mana-europeo\/\",\"url\":\"https:\/\/alfaro.es\/agendaurbana\/alfaro-encuentra-el-mana-europeo\/\",\"name\":\"Alfaro encuentra el man\u00e1 europeo - Plan de Acci\u00f3n Alfaro\",\"isPartOf\":{\"@id\":\"https:\/\/alfaro.es\/agendaurbana\/#website\"},\"primaryImageOfPage\":{\"@id\":\"https:\/\/alfaro.es\/agendaurbana\/alfaro-encuentra-el-mana-europeo\/#primaryimage\"},\"image\":{\"@id\":\"https:\/\/alfaro.es\/agendaurbana\/alfaro-encuentra-el-mana-europeo\/#primaryimage\"},\"thumbnailUrl\":\"https:\/\/alfaro.es\/agendaurbana\/wp-content\/uploads\/2022\/12\/jose-elorza-alfaro.png\",\"datePublished\":\"2022-12-01T08:21:08+00:00\",\"dateModified\":\"2022-12-13T08:30:26+00:00\",\"breadcrumb\":{\"@id\":\"https:\/\/alfaro.es\/agendaurbana\/alfaro-encuentra-el-mana-europeo\/#breadcrumb\"},\"inLanguage\":\"es\",\"potentialAction\":[{\"@type\":\"ReadAction\",\"target\":[\"https:\/\/alfaro.es\/agendaurbana\/alfaro-encuentra-el-mana-europeo\/\"]}]},{\"@type\":\"ImageObject\",\"inLanguage\":\"es\",\"@id\":\"https:\/\/alfaro.es\/agendaurbana\/alfaro-encuentra-el-mana-europeo\/#primaryimage\",\"url\":\"https:\/\/alfaro.es\/agendaurbana\/wp-content\/uploads\/2022\/12\/jose-elorza-alfaro.png\",\"contentUrl\":\"https:\/\/alfaro.es\/agendaurbana\/wp-content\/uploads\/2022\/12\/jose-elorza-alfaro.png\",\"width\":1744,\"height\":1066},{\"@type\":\"BreadcrumbList\",\"@id\":\"https:\/\/alfaro.es\/agendaurbana\/alfaro-encuentra-el-mana-europeo\/#breadcrumb\",\"itemListElement\":[{\"@type\":\"ListItem\",\"position\":1,\"name\":\"Portada\",\"item\":\"https:\/\/alfaro.es\/agendaurbana\/\"},{\"@type\":\"ListItem\",\"position\":2,\"name\":\"Alfaro encuentra el man\u00e1 europeo\"}]},{\"@type\":\"WebSite\",\"@id\":\"https:\/\/alfaro.es\/agendaurbana\/#website\",\"url\":\"https:\/\/alfaro.es\/agendaurbana\/\",\"name\":\"Plan de Acci\u00f3n Alfaro\",\"description\":\"Agenda Urbana\",\"publisher\":{\"@id\":\"https:\/\/alfaro.es\/agendaurbana\/#organization\"},\"potentialAction\":[{\"@type\":\"SearchAction\",\"target\":{\"@type\":\"EntryPoint\",\"urlTemplate\":\"https:\/\/alfaro.es\/agendaurbana\/?s={search_term_string}\"},\"query-input\":{\"@type\":\"PropertyValueSpecification\",\"valueRequired\":true,\"valueName\":\"search_term_string\"}}],\"inLanguage\":\"es\"},{\"@type\":\"Organization\",\"@id\":\"https:\/\/alfaro.es\/agendaurbana\/#organization\",\"name\":\"Plan de acci\u00f3n Urbana Alfaro\",\"url\":\"https:\/\/alfaro.es\/agendaurbana\/\",\"logo\":{\"@type\":\"ImageObject\",\"inLanguage\":\"es\",\"@id\":\"https:\/\/alfaro.es\/agendaurbana\/#\/schema\/logo\/image\/\",\"url\":\"https:\/\/alfaro.es\/agendaurbana\/wp-content\/uploads\/2022\/04\/agenda-urbana-alfaro.svg\",\"contentUrl\":\"https:\/\/alfaro.es\/agendaurbana\/wp-content\/uploads\/2022\/04\/agenda-urbana-alfaro.svg\",\"width\":64,\"height\":28,\"caption\":\"Plan de acci\u00f3n Urbana Alfaro\"},\"image\":{\"@id\":\"https:\/\/alfaro.es\/agendaurbana\/#\/schema\/logo\/image\/\"}},{\"@type\":\"Person\",\"@id\":\"https:\/\/alfaro.es\/agendaurbana\/#\/schema\/person\/de46de97d31dfd2d57e8cbcf995f0563\",\"name\":\"cadalzo\",\"image\":{\"@type\":\"ImageObject\",\"inLanguage\":\"es\",\"@id\":\"https:\/\/alfaro.es\/agendaurbana\/#\/schema\/person\/image\/\",\"url\":\"https:\/\/secure.gravatar.com\/avatar\/4862a694a1ff9b01dd7a099132da08e63d5ef074da9676ff3609632d56a18e1a?s=96&d=mm&r=g\",\"contentUrl\":\"https:\/\/secure.gravatar.com\/avatar\/4862a694a1ff9b01dd7a099132da08e63d5ef074da9676ff3609632d56a18e1a?s=96&d=mm&r=g\",\"caption\":\"cadalzo\"},\"sameAs\":[\"https:\/\/alfaro.es\/agendaurbana\"]}]}<\/script>\n<!-- \/ Yoast SEO plugin. -->","yoast_head_json":{"title":"Alfaro encuentra el man\u00e1 europeo - Plan de Acci\u00f3n Alfaro","robots":{"index":"index","follow":"follow","max-snippet":"max-snippet:-1","max-image-preview":"max-image-preview:large","max-video-preview":"max-video-preview:-1"},"canonical":"https:\/\/alfaro.es\/agendaurbana\/alfaro-encuentra-el-mana-europeo\/","og_locale":"es_ES","og_type":"article","og_title":"Alfaro encuentra el man\u00e1 europeo - Plan de Acci\u00f3n Alfaro","og_description":"Alfaro recibe ayudas europeas a los proyectos identificados en su Plan de Acci\u00f3n de la Agenda Urbana Ver noticia completa Ver noticia completa (2)","og_url":"https:\/\/alfaro.es\/agendaurbana\/alfaro-encuentra-el-mana-europeo\/","og_site_name":"Plan de Acci\u00f3n Alfaro","article_published_time":"2022-12-01T08:21:08+00:00","article_modified_time":"2022-12-13T08:30:26+00:00","og_image":[{"width":1024,"height":626,"url":"https:\/\/alfaro.es\/agendaurbana\/wp-content\/uploads\/2022\/12\/jose-elorza-alfaro-1024x626.png","type":"image\/png"}],"author":"cadalzo","twitter_card":"summary_large_image","twitter_misc":{"Escrito por":"cadalzo"},"schema":{"@context":"https:\/\/schema.org","@graph":[{"@type":"Article","@id":"https:\/\/alfaro.es\/agendaurbana\/alfaro-encuentra-el-mana-europeo\/#article","isPartOf":{"@id":"https:\/\/alfaro.es\/agendaurbana\/alfaro-encuentra-el-mana-europeo\/"},"author":{"name":"cadalzo","@id":"https:\/\/alfaro.es\/agendaurbana\/#\/schema\/person\/de46de97d31dfd2d57e8cbcf995f0563"},"headline":"Alfaro encuentra el man\u00e1 europeo","datePublished":"2022-12-01T08:21:08+00:00","dateModified":"2022-12-13T08:30:26+00:00","mainEntityOfPage":{"@id":"https:\/\/alfaro.es\/agendaurbana\/alfaro-encuentra-el-mana-europeo\/"},"wordCount":29,"commentCount":0,"publisher":{"@id":"https:\/\/alfaro.es\/agendaurbana\/#organization"},"image":{"@id":"https:\/\/alfaro.es\/agendaurbana\/alfaro-encuentra-el-mana-europeo\/#primaryimage"},"thumbnailUrl":"https:\/\/alfaro.es\/agendaurbana\/wp-content\/uploads\/2022\/12\/jose-elorza-alfaro.png","articleSection":["Instrumentos de gobernanza"],"inLanguage":"es","potentialAction":[{"@type":"CommentAction","name":"Comment","target":["https:\/\/alfaro.es\/agendaurbana\/alfaro-encuentra-el-mana-europeo\/#respond"]}]},{"@type":"WebPage","@id":"https:\/\/alfaro.es\/agendaurbana\/alfaro-encuentra-el-mana-europeo\/","url":"https:\/\/alfaro.es\/agendaurbana\/alfaro-encuentra-el-mana-europeo\/","name":"Alfaro encuentra el man\u00e1 europeo - Plan de Acci\u00f3n Alfaro","isPartOf":{"@id":"https:\/\/alfaro.es\/agendaurbana\/#website"},"primaryImageOfPage":{"@id":"https:\/\/alfaro.es\/agendaurbana\/alfaro-encuentra-el-mana-europeo\/#primaryimage"},"image":{"@id":"https:\/\/alfaro.es\/agendaurbana\/alfaro-encuentra-el-mana-europeo\/#primaryimage"},"thumbnailUrl":"https:\/\/alfaro.es\/agendaurbana\/wp-content\/uploads\/2022\/12\/jose-elorza-alfaro.png","datePublished":"2022-12-01T08:21:08+00:00","dateModified":"2022-12-13T08:30:26+00:00","breadcrumb":{"@id":"https:\/\/alfaro.es\/agendaurbana\/alfaro-encuentra-el-mana-europeo\/#breadcrumb"},"inLanguage":"es","potentialAction":[{"@type":"ReadAction","target":["https:\/\/alfaro.es\/agendaurbana\/alfaro-encuentra-el-mana-europeo\/"]}]},{"@type":"ImageObject","inLanguage":"es","@id":"https:\/\/alfaro.es\/agendaurbana\/alfaro-encuentra-el-mana-europeo\/#primaryimage","url":"https:\/\/alfaro.es\/agendaurbana\/wp-content\/uploads\/2022\/12\/jose-elorza-alfaro.png","contentUrl":"https:\/\/alfaro.es\/agendaurbana\/wp-content\/uploads\/2022\/12\/jose-elorza-alfaro.png","width":1744,"height":1066},{"@type":"BreadcrumbList","@id":"https:\/\/alfaro.es\/agendaurbana\/alfaro-encuentra-el-mana-europeo\/#breadcrumb","itemListElement":[{"@type":"ListItem","position":1,"name":"Portada","item":"https:\/\/alfaro.es\/agendaurbana\/"},{"@type":"ListItem","position":2,"name":"Alfaro encuentra el man\u00e1 europeo"}]},{"@type":"WebSite","@id":"https:\/\/alfaro.es\/agendaurbana\/#website","url":"https:\/\/alfaro.es\/agendaurbana\/","name":"Plan de Acci\u00f3n Alfaro","description":"Agenda Urbana","publisher":{"@id":"https:\/\/alfaro.es\/agendaurbana\/#organization"},"potentialAction":[{"@type":"SearchAction","target":{"@type":"EntryPoint","urlTemplate":"https:\/\/alfaro.es\/agendaurbana\/?s={search_term_string}"},"query-input":{"@type":"PropertyValueSpecification","valueRequired":true,"valueName":"search_term_string"}}],"inLanguage":"es"},{"@type":"Organization","@id":"https:\/\/alfaro.es\/agendaurbana\/#organization","name":"Plan de acci\u00f3n Urbana Alfaro","url":"https:\/\/alfaro.es\/agendaurbana\/","logo":{"@type":"ImageObject","inLanguage":"es","@id":"https:\/\/alfaro.es\/agendaurbana\/#\/schema\/logo\/image\/","url":"https:\/\/alfaro.es\/agendaurbana\/wp-content\/uploads\/2022\/04\/agenda-urbana-alfaro.svg","contentUrl":"https:\/\/alfaro.es\/agendaurbana\/wp-content\/uploads\/2022\/04\/agenda-urbana-alfaro.svg","width":64,"height":28,"caption":"Plan de acci\u00f3n Urbana Alfaro"},"image":{"@id":"https:\/\/alfaro.es\/agendaurbana\/#\/schema\/logo\/image\/"}},{"@type":"Person","@id":"https:\/\/alfaro.es\/agendaurbana\/#\/schema\/person\/de46de97d31dfd2d57e8cbcf995f0563","name":"cadalzo","image":{"@type":"ImageObject","inLanguage":"es","@id":"https:\/\/alfaro.es\/agendaurbana\/#\/schema\/person\/image\/","url":"https:\/\/secure.gravatar.com\/avatar\/4862a694a1ff9b01dd7a099132da08e63d5ef074da9676ff3609632d56a18e1a?s=96&d=mm&r=g","contentUrl":"https:\/\/secure.gravatar.com\/avatar\/4862a694a1ff9b01dd7a099132da08e63d5ef074da9676ff3609632d56a18e1a?s=96&d=mm&r=g","caption":"cadalzo"},"sameAs":["https:\/\/alfaro.es\/agendaurbana"]}]}},"_links":{"self":[{"href":"https:\/\/alfaro.es\/agendaurbana\/wp-json\/wp\/v2\/posts\/3205","targetHints":{"allow":["GET"]}}],"collection":[{"href":"https:\/\/alfaro.es\/agendaurbana\/wp-json\/wp\/v2\/posts"}],"about":[{"href":"https:\/\/alfaro.es\/agendaurbana\/wp-json\/wp\/v2\/types\/post"}],"author":[{"embeddable":true,"href":"https:\/\/alfaro.es\/agendaurbana\/wp-json\/wp\/v2\/users\/1"}],"replies":[{"embeddable":true,"href":"https:\/\/alfaro.es\/agendaurbana\/wp-json\/wp\/v2\/comments?post=3205"}],"version-history":[{"count":7,"href":"https:\/\/alfaro.es\/agendaurbana\/wp-json\/wp\/v2\/posts\/3205\/revisions"}],"predecessor-version":[{"id":3239,"href":"https:\/\/alfaro.es\/agendaurbana\/wp-json\/wp\/v2\/posts\/3205\/revisions\/3239"}],"wp:featuredmedia":[{"embeddable":true,"href":"https:\/\/alfaro.es\/agendaurbana\/wp-json\/wp\/v2\/media\/3207"}],"wp:attachment":[{"href":"https:\/\/alfaro.es\/agendaurbana\/wp-json\/wp\/v2\/media?parent=3205"}],"wp:term":[{"taxonomy":"category","embeddable":true,"href":"https:\/\/alfaro.es\/agendaurbana\/wp-json\/wp\/v2\/categories?post=3205"},{"taxonomy":"post_tag","embeddable":true,"href":"https:\/\/alfaro.es\/agendaurbana\/wp-json\/wp\/v2\/tags?post=3205"}],"curies":[{"name":"wp","href":"https:\/\/api.w.org\/{rel}","templated":true}]}}