{"id":3191,"date":"2022-11-08T17:16:16","date_gmt":"2022-11-08T16:16:16","guid":{"rendered":"https:\/\/alfaro.es\/agendaurbana\/?p=3191"},"modified":"2022-11-08T17:16:16","modified_gmt":"2022-11-08T16:16:16","slug":"una-voz-alfarena-llama-a-la-onu","status":"publish","type":"post","link":"https:\/\/alfaro.es\/agendaurbana\/una-voz-alfarena-llama-a-la-onu\/","title":{"rendered":"Una voz alfare\u00f1a llama a la ONU"},"content":{"rendered":"<p>Andrea Guaiguacundo particip\u00f3 en un di\u00e1logo en Madrid con la vicesecretaria de Naciones Unidas.<\/p>\n<p>&nbsp;<\/p>\n<p><a href=\"https:\/\/www.larioja.com\/comarcas\/alfaro\/alfarena-llama-20221104182003-nt.html\" target=\"_blank\" rel=\"noopener\">Ver noticia completa<\/a><\/p>\n","protected":false},"excerpt":{"rendered":"<p>Andrea Guaiguacundo particip\u00f3 en un di\u00e1logo en Madrid con la vicesecretaria de Naciones Unidas. &nbsp; Ver noticia completa<\/p>\n","protected":false},"author":1,"featured_media":3192,"comment_status":"open","ping_status":"open","sticky":false,"template":"","format":"standard","meta":{"_acf_changed":false,"_monsterinsights_skip_tracking":false,"_monsterinsights_sitenote_active":false,"_monsterinsights_sitenote_note":"","_monsterinsights_sitenote_category":0,"footnotes":""},"categories":[13],"tags":[],"class_list":["post-3191","post","type-post","status-publish","format-standard","has-post-thumbnail","hentry","category-cohesion-social-e-igualdad-de-oportunidades"],"acf":[],"yoast_head":"<!-- This site is optimized with the Yoast SEO plugin v24.6 - https:\/\/yoast.com\/wordpress\/plugins\/seo\/ -->\n<title>Una voz alfare\u00f1a llama a la ONU - Plan de Acci\u00f3n Alfaro<\/title>\n<meta name=\"robots\" content=\"index, follow, max-snippet:-1, max-image-preview:large, max-video-preview:-1\" \/>\n<link rel=\"canonical\" href=\"https:\/\/alfaro.es\/agendaurbana\/una-voz-alfarena-llama-a-la-onu\/\" \/>\n<meta property=\"og:locale\" content=\"es_ES\" \/>\n<meta property=\"og:type\" content=\"article\" \/>\n<meta property=\"og:title\" content=\"Una voz alfare\u00f1a llama a la ONU - Plan de Acci\u00f3n Alfaro\" \/>\n<meta property=\"og:description\" content=\"Andrea Guaiguacundo particip\u00f3 en un di\u00e1logo en Madrid con la vicesecretaria de Naciones Unidas. &nbsp; Ver noticia completa\" \/>\n<meta property=\"og:url\" content=\"https:\/\/alfaro.es\/agendaurbana\/una-voz-alfarena-llama-a-la-onu\/\" \/>\n<meta property=\"og:site_name\" content=\"Plan de Acci\u00f3n Alfaro\" \/>\n<meta property=\"article:published_time\" content=\"2022-11-08T16:16:16+00:00\" \/>\n<meta property=\"og:image\" content=\"https:\/\/alfaro.es\/agendaurbana\/wp-content\/uploads\/2022\/11\/77707367.jpg\" \/>\n\t<meta property=\"og:image:width\" content=\"983\" \/>\n\t<meta property=\"og:image:height\" content=\"737\" \/>\n\t<meta property=\"og:image:type\" content=\"image\/jpeg\" \/>\n<meta name=\"author\" content=\"cadalzo\" \/>\n<meta name=\"twitter:card\" content=\"summary_large_image\" \/>\n<meta name=\"twitter:label1\" content=\"Escrito por\" \/>\n\t<meta name=\"twitter:data1\" content=\"cadalzo\" \/>\n\t<meta name=\"twitter:label2\" content=\"Tiempo de lectura\" \/>\n\t<meta name=\"twitter:data2\" content=\"1 minuto\" \/>\n<script type=\"application\/ld+json\" class=\"yoast-schema-graph\">{\"@context\":\"https:\/\/schema.org\",\"@graph\":[{\"@type\":\"Article\",\"@id\":\"https:\/\/alfaro.es\/agendaurbana\/una-voz-alfarena-llama-a-la-onu\/#article\",\"isPartOf\":{\"@id\":\"https:\/\/alfaro.es\/agendaurbana\/una-voz-alfarena-llama-a-la-onu\/\"},\"author\":{\"name\":\"cadalzo\",\"@id\":\"https:\/\/alfaro.es\/agendaurbana\/#\/schema\/person\/de46de97d31dfd2d57e8cbcf995f0563\"},\"headline\":\"Una voz alfare\u00f1a llama a la ONU\",\"datePublished\":\"2022-11-08T16:16:16+00:00\",\"mainEntityOfPage\":{\"@id\":\"https:\/\/alfaro.es\/agendaurbana\/una-voz-alfarena-llama-a-la-onu\/\"},\"wordCount\":27,\"commentCount\":0,\"publisher\":{\"@id\":\"https:\/\/alfaro.es\/agendaurbana\/#organization\"},\"image\":{\"@id\":\"https:\/\/alfaro.es\/agendaurbana\/una-voz-alfarena-llama-a-la-onu\/#primaryimage\"},\"thumbnailUrl\":\"https:\/\/alfaro.es\/agendaurbana\/wp-content\/uploads\/2022\/11\/77707367.jpg\",\"articleSection\":[\"Cohesi\u00f3n social e igualdad de oportunidades\"],\"inLanguage\":\"es\",\"potentialAction\":[{\"@type\":\"CommentAction\",\"name\":\"Comment\",\"target\":[\"https:\/\/alfaro.es\/agendaurbana\/una-voz-alfarena-llama-a-la-onu\/#respond\"]}]},{\"@type\":\"WebPage\",\"@id\":\"https:\/\/alfaro.es\/agendaurbana\/una-voz-alfarena-llama-a-la-onu\/\",\"url\":\"https:\/\/alfaro.es\/agendaurbana\/una-voz-alfarena-llama-a-la-onu\/\",\"name\":\"Una voz alfare\u00f1a llama a la ONU - Plan de Acci\u00f3n Alfaro\",\"isPartOf\":{\"@id\":\"https:\/\/alfaro.es\/agendaurbana\/#website\"},\"primaryImageOfPage\":{\"@id\":\"https:\/\/alfaro.es\/agendaurbana\/una-voz-alfarena-llama-a-la-onu\/#primaryimage\"},\"image\":{\"@id\":\"https:\/\/alfaro.es\/agendaurbana\/una-voz-alfarena-llama-a-la-onu\/#primaryimage\"},\"thumbnailUrl\":\"https:\/\/alfaro.es\/agendaurbana\/wp-content\/uploads\/2022\/11\/77707367.jpg\",\"datePublished\":\"2022-11-08T16:16:16+00:00\",\"breadcrumb\":{\"@id\":\"https:\/\/alfaro.es\/agendaurbana\/una-voz-alfarena-llama-a-la-onu\/#breadcrumb\"},\"inLanguage\":\"es\",\"potentialAction\":[{\"@type\":\"ReadAction\",\"target\":[\"https:\/\/alfaro.es\/agendaurbana\/una-voz-alfarena-llama-a-la-onu\/\"]}]},{\"@type\":\"ImageObject\",\"inLanguage\":\"es\",\"@id\":\"https:\/\/alfaro.es\/agendaurbana\/una-voz-alfarena-llama-a-la-onu\/#primaryimage\",\"url\":\"https:\/\/alfaro.es\/agendaurbana\/wp-content\/uploads\/2022\/11\/77707367.jpg\",\"contentUrl\":\"https:\/\/alfaro.es\/agendaurbana\/wp-content\/uploads\/2022\/11\/77707367.jpg\",\"width\":983,\"height\":737},{\"@type\":\"BreadcrumbList\",\"@id\":\"https:\/\/alfaro.es\/agendaurbana\/una-voz-alfarena-llama-a-la-onu\/#breadcrumb\",\"itemListElement\":[{\"@type\":\"ListItem\",\"position\":1,\"name\":\"Portada\",\"item\":\"https:\/\/alfaro.es\/agendaurbana\/\"},{\"@type\":\"ListItem\",\"position\":2,\"name\":\"Una voz alfare\u00f1a llama a la ONU\"}]},{\"@type\":\"WebSite\",\"@id\":\"https:\/\/alfaro.es\/agendaurbana\/#website\",\"url\":\"https:\/\/alfaro.es\/agendaurbana\/\",\"name\":\"Plan de Acci\u00f3n Alfaro\",\"description\":\"Agenda Urbana\",\"publisher\":{\"@id\":\"https:\/\/alfaro.es\/agendaurbana\/#organization\"},\"potentialAction\":[{\"@type\":\"SearchAction\",\"target\":{\"@type\":\"EntryPoint\",\"urlTemplate\":\"https:\/\/alfaro.es\/agendaurbana\/?s={search_term_string}\"},\"query-input\":{\"@type\":\"PropertyValueSpecification\",\"valueRequired\":true,\"valueName\":\"search_term_string\"}}],\"inLanguage\":\"es\"},{\"@type\":\"Organization\",\"@id\":\"https:\/\/alfaro.es\/agendaurbana\/#organization\",\"name\":\"Plan de acci\u00f3n Urbana Alfaro\",\"url\":\"https:\/\/alfaro.es\/agendaurbana\/\",\"logo\":{\"@type\":\"ImageObject\",\"inLanguage\":\"es\",\"@id\":\"https:\/\/alfaro.es\/agendaurbana\/#\/schema\/logo\/image\/\",\"url\":\"https:\/\/alfaro.es\/agendaurbana\/wp-content\/uploads\/2022\/04\/agenda-urbana-alfaro.svg\",\"contentUrl\":\"https:\/\/alfaro.es\/agendaurbana\/wp-content\/uploads\/2022\/04\/agenda-urbana-alfaro.svg\",\"width\":64,\"height\":28,\"caption\":\"Plan de acci\u00f3n Urbana Alfaro\"},\"image\":{\"@id\":\"https:\/\/alfaro.es\/agendaurbana\/#\/schema\/logo\/image\/\"}},{\"@type\":\"Person\",\"@id\":\"https:\/\/alfaro.es\/agendaurbana\/#\/schema\/person\/de46de97d31dfd2d57e8cbcf995f0563\",\"name\":\"cadalzo\",\"image\":{\"@type\":\"ImageObject\",\"inLanguage\":\"es\",\"@id\":\"https:\/\/alfaro.es\/agendaurbana\/#\/schema\/person\/image\/\",\"url\":\"https:\/\/secure.gravatar.com\/avatar\/4862a694a1ff9b01dd7a099132da08e63d5ef074da9676ff3609632d56a18e1a?s=96&d=mm&r=g\",\"contentUrl\":\"https:\/\/secure.gravatar.com\/avatar\/4862a694a1ff9b01dd7a099132da08e63d5ef074da9676ff3609632d56a18e1a?s=96&d=mm&r=g\",\"caption\":\"cadalzo\"},\"sameAs\":[\"https:\/\/alfaro.es\/agendaurbana\"]}]}<\/script>\n<!-- \/ Yoast SEO plugin. -->","yoast_head_json":{"title":"Una voz alfare\u00f1a llama a la ONU - Plan de Acci\u00f3n Alfaro","robots":{"index":"index","follow":"follow","max-snippet":"max-snippet:-1","max-image-preview":"max-image-preview:large","max-video-preview":"max-video-preview:-1"},"canonical":"https:\/\/alfaro.es\/agendaurbana\/una-voz-alfarena-llama-a-la-onu\/","og_locale":"es_ES","og_type":"article","og_title":"Una voz alfare\u00f1a llama a la ONU - Plan de Acci\u00f3n Alfaro","og_description":"Andrea Guaiguacundo particip\u00f3 en un di\u00e1logo en Madrid con la vicesecretaria de Naciones Unidas. &nbsp; Ver noticia completa","og_url":"https:\/\/alfaro.es\/agendaurbana\/una-voz-alfarena-llama-a-la-onu\/","og_site_name":"Plan de Acci\u00f3n Alfaro","article_published_time":"2022-11-08T16:16:16+00:00","og_image":[{"width":983,"height":737,"url":"https:\/\/alfaro.es\/agendaurbana\/wp-content\/uploads\/2022\/11\/77707367.jpg","type":"image\/jpeg"}],"author":"cadalzo","twitter_card":"summary_large_image","twitter_misc":{"Escrito por":"cadalzo","Tiempo de lectura":"1 minuto"},"schema":{"@context":"https:\/\/schema.org","@graph":[{"@type":"Article","@id":"https:\/\/alfaro.es\/agendaurbana\/una-voz-alfarena-llama-a-la-onu\/#article","isPartOf":{"@id":"https:\/\/alfaro.es\/agendaurbana\/una-voz-alfarena-llama-a-la-onu\/"},"author":{"name":"cadalzo","@id":"https:\/\/alfaro.es\/agendaurbana\/#\/schema\/person\/de46de97d31dfd2d57e8cbcf995f0563"},"headline":"Una voz alfare\u00f1a llama a la ONU","datePublished":"2022-11-08T16:16:16+00:00","mainEntityOfPage":{"@id":"https:\/\/alfaro.es\/agendaurbana\/una-voz-alfarena-llama-a-la-onu\/"},"wordCount":27,"commentCount":0,"publisher":{"@id":"https:\/\/alfaro.es\/agendaurbana\/#organization"},"image":{"@id":"https:\/\/alfaro.es\/agendaurbana\/una-voz-alfarena-llama-a-la-onu\/#primaryimage"},"thumbnailUrl":"https:\/\/alfaro.es\/agendaurbana\/wp-content\/uploads\/2022\/11\/77707367.jpg","articleSection":["Cohesi\u00f3n social e igualdad de oportunidades"],"inLanguage":"es","potentialAction":[{"@type":"CommentAction","name":"Comment","target":["https:\/\/alfaro.es\/agendaurbana\/una-voz-alfarena-llama-a-la-onu\/#respond"]}]},{"@type":"WebPage","@id":"https:\/\/alfaro.es\/agendaurbana\/una-voz-alfarena-llama-a-la-onu\/","url":"https:\/\/alfaro.es\/agendaurbana\/una-voz-alfarena-llama-a-la-onu\/","name":"Una voz alfare\u00f1a llama a la ONU - Plan de Acci\u00f3n Alfaro","isPartOf":{"@id":"https:\/\/alfaro.es\/agendaurbana\/#website"},"primaryImageOfPage":{"@id":"https:\/\/alfaro.es\/agendaurbana\/una-voz-alfarena-llama-a-la-onu\/#primaryimage"},"image":{"@id":"https:\/\/alfaro.es\/agendaurbana\/una-voz-alfarena-llama-a-la-onu\/#primaryimage"},"thumbnailUrl":"https:\/\/alfaro.es\/agendaurbana\/wp-content\/uploads\/2022\/11\/77707367.jpg","datePublished":"2022-11-08T16:16:16+00:00","breadcrumb":{"@id":"https:\/\/alfaro.es\/agendaurbana\/una-voz-alfarena-llama-a-la-onu\/#breadcrumb"},"inLanguage":"es","potentialAction":[{"@type":"ReadAction","target":["https:\/\/alfaro.es\/agendaurbana\/una-voz-alfarena-llama-a-la-onu\/"]}]},{"@type":"ImageObject","inLanguage":"es","@id":"https:\/\/alfaro.es\/agendaurbana\/una-voz-alfarena-llama-a-la-onu\/#primaryimage","url":"https:\/\/alfaro.es\/agendaurbana\/wp-content\/uploads\/2022\/11\/77707367.jpg","contentUrl":"https:\/\/alfaro.es\/agendaurbana\/wp-content\/uploads\/2022\/11\/77707367.jpg","width":983,"height":737},{"@type":"BreadcrumbList","@id":"https:\/\/alfaro.es\/agendaurbana\/una-voz-alfarena-llama-a-la-onu\/#breadcrumb","itemListElement":[{"@type":"ListItem","position":1,"name":"Portada","item":"https:\/\/alfaro.es\/agendaurbana\/"},{"@type":"ListItem","position":2,"name":"Una voz alfare\u00f1a llama a la ONU"}]},{"@type":"WebSite","@id":"https:\/\/alfaro.es\/agendaurbana\/#website","url":"https:\/\/alfaro.es\/agendaurbana\/","name":"Plan de Acci\u00f3n Alfaro","description":"Agenda Urbana","publisher":{"@id":"https:\/\/alfaro.es\/agendaurbana\/#organization"},"potentialAction":[{"@type":"SearchAction","target":{"@type":"EntryPoint","urlTemplate":"https:\/\/alfaro.es\/agendaurbana\/?s={search_term_string}"},"query-input":{"@type":"PropertyValueSpecification","valueRequired":true,"valueName":"search_term_string"}}],"inLanguage":"es"},{"@type":"Organization","@id":"https:\/\/alfaro.es\/agendaurbana\/#organization","name":"Plan de acci\u00f3n Urbana Alfaro","url":"https:\/\/alfaro.es\/agendaurbana\/","logo":{"@type":"ImageObject","inLanguage":"es","@id":"https:\/\/alfaro.es\/agendaurbana\/#\/schema\/logo\/image\/","url":"https:\/\/alfaro.es\/agendaurbana\/wp-content\/uploads\/2022\/04\/agenda-urbana-alfaro.svg","contentUrl":"https:\/\/alfaro.es\/agendaurbana\/wp-content\/uploads\/2022\/04\/agenda-urbana-alfaro.svg","width":64,"height":28,"caption":"Plan de acci\u00f3n Urbana Alfaro"},"image":{"@id":"https:\/\/alfaro.es\/agendaurbana\/#\/schema\/logo\/image\/"}},{"@type":"Person","@id":"https:\/\/alfaro.es\/agendaurbana\/#\/schema\/person\/de46de97d31dfd2d57e8cbcf995f0563","name":"cadalzo","image":{"@type":"ImageObject","inLanguage":"es","@id":"https:\/\/alfaro.es\/agendaurbana\/#\/schema\/person\/image\/","url":"https:\/\/secure.gravatar.com\/avatar\/4862a694a1ff9b01dd7a099132da08e63d5ef074da9676ff3609632d56a18e1a?s=96&d=mm&r=g","contentUrl":"https:\/\/secure.gravatar.com\/avatar\/4862a694a1ff9b01dd7a099132da08e63d5ef074da9676ff3609632d56a18e1a?s=96&d=mm&r=g","caption":"cadalzo"},"sameAs":["https:\/\/alfaro.es\/agendaurbana"]}]}},"_links":{"self":[{"href":"https:\/\/alfaro.es\/agendaurbana\/wp-json\/wp\/v2\/posts\/3191","targetHints":{"allow":["GET"]}}],"collection":[{"href":"https:\/\/alfaro.es\/agendaurbana\/wp-json\/wp\/v2\/posts"}],"about":[{"href":"https:\/\/alfaro.es\/agendaurbana\/wp-json\/wp\/v2\/types\/post"}],"author":[{"embeddable":true,"href":"https:\/\/alfaro.es\/agendaurbana\/wp-json\/wp\/v2\/users\/1"}],"replies":[{"embeddable":true,"href":"https:\/\/alfaro.es\/agendaurbana\/wp-json\/wp\/v2\/comments?post=3191"}],"version-history":[{"count":1,"href":"https:\/\/alfaro.es\/agendaurbana\/wp-json\/wp\/v2\/posts\/3191\/revisions"}],"predecessor-version":[{"id":3193,"href":"https:\/\/alfaro.es\/agendaurbana\/wp-json\/wp\/v2\/posts\/3191\/revisions\/3193"}],"wp:featuredmedia":[{"embeddable":true,"href":"https:\/\/alfaro.es\/agendaurbana\/wp-json\/wp\/v2\/media\/3192"}],"wp:attachment":[{"href":"https:\/\/alfaro.es\/agendaurbana\/wp-json\/wp\/v2\/media?parent=3191"}],"wp:term":[{"taxonomy":"category","embeddable":true,"href":"https:\/\/alfaro.es\/agendaurbana\/wp-json\/wp\/v2\/categories?post=3191"},{"taxonomy":"post_tag","embeddable":true,"href":"https:\/\/alfaro.es\/agendaurbana\/wp-json\/wp\/v2\/tags?post=3191"}],"curies":[{"name":"wp","href":"https:\/\/api.w.org\/{rel}","templated":true}]}}