{"id":3188,"date":"2022-11-08T17:12:22","date_gmt":"2022-11-08T16:12:22","guid":{"rendered":"https:\/\/alfaro.es\/agendaurbana\/?p=3188"},"modified":"2022-12-01T13:20:51","modified_gmt":"2022-12-01T12:20:51","slug":"el-estado-subvenciona-con-43-millones-la-reforma-de-seis-edificios-publicos-en-la-rioja","status":"publish","type":"post","link":"https:\/\/alfaro.es\/agendaurbana\/el-estado-subvenciona-con-43-millones-la-reforma-de-seis-edificios-publicos-en-la-rioja\/","title":{"rendered":"El Ayuntamiento de Alfaro recibir\u00e1 una subvenci\u00f3n para la rehabilitaci\u00f3n del antiguo colegio Jos\u00e9 Elorza"},"content":{"rendered":"<p>Alfaro recibe 1.999.862,20 \u20ac del PIREP (Plan de Impulso a la Rehabilitaci\u00f3n de Edificios P\u00fablicos)<\/p>\n<p>La propuesta, fue presentada a la convocatoria del Plan de Impulso a la Rehabilitaci\u00f3n de Edificios P\u00fablicos (PIREP), nace de una de las acciones de nuestro Plan de Acci\u00f3n Local, el PERI PALACIO REMIREZ.<\/p>\n<p><a href=\"https:\/\/www.yoleoescaparate.com\/?p=92885\" target=\"_blank\" rel=\"noopener\">Ver noticia completa<\/a><\/p>\n<p><img fetchpriority=\"high\" decoding=\"async\" class=\"alignnone wp-image-3228\" src=\"https:\/\/alfaro.es\/agendaurbana\/wp-content\/uploads\/2022\/11\/07-300x169.png\" alt=\"\" width=\"635\" height=\"358\" srcset=\"https:\/\/alfaro.es\/agendaurbana\/wp-content\/uploads\/2022\/11\/07-300x169.png 300w, https:\/\/alfaro.es\/agendaurbana\/wp-content\/uploads\/2022\/11\/07-1024x576.png 1024w, https:\/\/alfaro.es\/agendaurbana\/wp-content\/uploads\/2022\/11\/07-768x432.png 768w, https:\/\/alfaro.es\/agendaurbana\/wp-content\/uploads\/2022\/11\/07-1536x864.png 1536w, https:\/\/alfaro.es\/agendaurbana\/wp-content\/uploads\/2022\/11\/07-2048x1152.png 2048w\" sizes=\"(max-width: 635px) 100vw, 635px\" \/><\/p>\n<p><img decoding=\"async\" class=\"alignnone wp-image-3227\" src=\"https:\/\/alfaro.es\/agendaurbana\/wp-content\/uploads\/2022\/11\/05-300x169.png\" alt=\"\" width=\"635\" height=\"358\" srcset=\"https:\/\/alfaro.es\/agendaurbana\/wp-content\/uploads\/2022\/11\/05-300x169.png 300w, https:\/\/alfaro.es\/agendaurbana\/wp-content\/uploads\/2022\/11\/05-1024x576.png 1024w, https:\/\/alfaro.es\/agendaurbana\/wp-content\/uploads\/2022\/11\/05-768x432.png 768w, https:\/\/alfaro.es\/agendaurbana\/wp-content\/uploads\/2022\/11\/05-1536x864.png 1536w, https:\/\/alfaro.es\/agendaurbana\/wp-content\/uploads\/2022\/11\/05-2048x1152.png 2048w\" sizes=\"(max-width: 635px) 100vw, 635px\" \/><\/p>\n<p><img decoding=\"async\" class=\"alignnone wp-image-3229\" src=\"https:\/\/alfaro.es\/agendaurbana\/wp-content\/uploads\/2022\/11\/08-300x169.png\" alt=\"\" width=\"635\" height=\"358\" srcset=\"https:\/\/alfaro.es\/agendaurbana\/wp-content\/uploads\/2022\/11\/08-300x169.png 300w, https:\/\/alfaro.es\/agendaurbana\/wp-content\/uploads\/2022\/11\/08-1024x576.png 1024w, https:\/\/alfaro.es\/agendaurbana\/wp-content\/uploads\/2022\/11\/08-768x432.png 768w, https:\/\/alfaro.es\/agendaurbana\/wp-content\/uploads\/2022\/11\/08-1536x864.png 1536w, https:\/\/alfaro.es\/agendaurbana\/wp-content\/uploads\/2022\/11\/08-2048x1152.png 2048w\" sizes=\"(max-width: 635px) 100vw, 635px\" \/><\/p>\n","protected":false},"excerpt":{"rendered":"<p>Alfaro recibe 1.999.862,20 \u20ac del PIREP (Plan de Impulso a la Rehabilitaci\u00f3n de Edificios P\u00fablicos) La propuesta, fue presentada a la convocatoria del Plan de Impulso a la Rehabilitaci\u00f3n de Edificios P\u00fablicos (PIREP), nace de una de las acciones de nuestro Plan de Acci\u00f3n Local, el PERI PALACIO REMIREZ. Ver noticia completa<\/p>\n","protected":false},"author":1,"featured_media":3230,"comment_status":"open","ping_status":"open","sticky":false,"template":"","format":"standard","meta":{"_acf_changed":false,"_monsterinsights_skip_tracking":false,"_monsterinsights_sitenote_active":false,"_monsterinsights_sitenote_note":"","_monsterinsights_sitenote_category":0,"footnotes":""},"categories":[14],"tags":[],"class_list":["post-3188","post","type-post","status-publish","format-standard","has-post-thumbnail","hentry","category-economia-urbana"],"acf":[],"yoast_head":"<!-- This site is optimized with the Yoast SEO plugin v24.6 - https:\/\/yoast.com\/wordpress\/plugins\/seo\/ -->\n<title>El Ayuntamiento de Alfaro recibir\u00e1 una subvenci\u00f3n para la rehabilitaci\u00f3n del antiguo colegio Jos\u00e9 Elorza - Plan de Acci\u00f3n Alfaro<\/title>\n<meta name=\"robots\" content=\"index, follow, max-snippet:-1, max-image-preview:large, max-video-preview:-1\" \/>\n<link rel=\"canonical\" href=\"https:\/\/alfaro.es\/agendaurbana\/el-estado-subvenciona-con-43-millones-la-reforma-de-seis-edificios-publicos-en-la-rioja\/\" \/>\n<meta property=\"og:locale\" content=\"es_ES\" \/>\n<meta property=\"og:type\" content=\"article\" \/>\n<meta property=\"og:title\" content=\"El Ayuntamiento de Alfaro recibir\u00e1 una subvenci\u00f3n para la rehabilitaci\u00f3n del antiguo colegio Jos\u00e9 Elorza - Plan de Acci\u00f3n Alfaro\" \/>\n<meta property=\"og:description\" content=\"Alfaro recibe 1.999.862,20 \u20ac del PIREP (Plan de Impulso a la Rehabilitaci\u00f3n de Edificios P\u00fablicos) La propuesta, fue presentada a la convocatoria del Plan de Impulso a la Rehabilitaci\u00f3n de Edificios P\u00fablicos (PIREP), nace de una de las acciones de nuestro Plan de Acci\u00f3n Local, el PERI PALACIO REMIREZ. Ver noticia completa\" \/>\n<meta property=\"og:url\" content=\"https:\/\/alfaro.es\/agendaurbana\/el-estado-subvenciona-con-43-millones-la-reforma-de-seis-edificios-publicos-en-la-rioja\/\" \/>\n<meta property=\"og:site_name\" content=\"Plan de Acci\u00f3n Alfaro\" \/>\n<meta property=\"article:published_time\" content=\"2022-11-08T16:12:22+00:00\" \/>\n<meta property=\"article:modified_time\" content=\"2022-12-01T12:20:51+00:00\" \/>\n<meta property=\"og:image\" content=\"https:\/\/alfaro.es\/agendaurbana\/wp-content\/uploads\/2022\/11\/02-scaled-e1669896955512.jpg\" \/>\n\t<meta property=\"og:image:width\" content=\"1000\" \/>\n\t<meta property=\"og:image:height\" content=\"563\" \/>\n\t<meta property=\"og:image:type\" content=\"image\/jpeg\" \/>\n<meta name=\"author\" content=\"cadalzo\" \/>\n<meta name=\"twitter:card\" content=\"summary_large_image\" \/>\n<meta name=\"twitter:label1\" content=\"Escrito por\" \/>\n\t<meta name=\"twitter:data1\" content=\"cadalzo\" \/>\n\t<meta name=\"twitter:label2\" content=\"Tiempo de lectura\" \/>\n\t<meta name=\"twitter:data2\" content=\"1 minuto\" \/>\n<script type=\"application\/ld+json\" class=\"yoast-schema-graph\">{\"@context\":\"https:\/\/schema.org\",\"@graph\":[{\"@type\":\"Article\",\"@id\":\"https:\/\/alfaro.es\/agendaurbana\/el-estado-subvenciona-con-43-millones-la-reforma-de-seis-edificios-publicos-en-la-rioja\/#article\",\"isPartOf\":{\"@id\":\"https:\/\/alfaro.es\/agendaurbana\/el-estado-subvenciona-con-43-millones-la-reforma-de-seis-edificios-publicos-en-la-rioja\/\"},\"author\":{\"name\":\"cadalzo\",\"@id\":\"https:\/\/alfaro.es\/agendaurbana\/#\/schema\/person\/de46de97d31dfd2d57e8cbcf995f0563\"},\"headline\":\"El Ayuntamiento de Alfaro recibir\u00e1 una subvenci\u00f3n para la rehabilitaci\u00f3n del antiguo colegio Jos\u00e9 Elorza\",\"datePublished\":\"2022-11-08T16:12:22+00:00\",\"dateModified\":\"2022-12-01T12:20:51+00:00\",\"mainEntityOfPage\":{\"@id\":\"https:\/\/alfaro.es\/agendaurbana\/el-estado-subvenciona-con-43-millones-la-reforma-de-seis-edificios-publicos-en-la-rioja\/\"},\"wordCount\":72,\"commentCount\":0,\"publisher\":{\"@id\":\"https:\/\/alfaro.es\/agendaurbana\/#organization\"},\"image\":{\"@id\":\"https:\/\/alfaro.es\/agendaurbana\/el-estado-subvenciona-con-43-millones-la-reforma-de-seis-edificios-publicos-en-la-rioja\/#primaryimage\"},\"thumbnailUrl\":\"https:\/\/alfaro.es\/agendaurbana\/wp-content\/uploads\/2022\/11\/02-scaled-e1669896955512.jpg\",\"articleSection\":[\"Econom\u00eda urbana\"],\"inLanguage\":\"es\",\"potentialAction\":[{\"@type\":\"CommentAction\",\"name\":\"Comment\",\"target\":[\"https:\/\/alfaro.es\/agendaurbana\/el-estado-subvenciona-con-43-millones-la-reforma-de-seis-edificios-publicos-en-la-rioja\/#respond\"]}]},{\"@type\":\"WebPage\",\"@id\":\"https:\/\/alfaro.es\/agendaurbana\/el-estado-subvenciona-con-43-millones-la-reforma-de-seis-edificios-publicos-en-la-rioja\/\",\"url\":\"https:\/\/alfaro.es\/agendaurbana\/el-estado-subvenciona-con-43-millones-la-reforma-de-seis-edificios-publicos-en-la-rioja\/\",\"name\":\"El Ayuntamiento de Alfaro recibir\u00e1 una subvenci\u00f3n para la rehabilitaci\u00f3n del antiguo colegio Jos\u00e9 Elorza - Plan de Acci\u00f3n Alfaro\",\"isPartOf\":{\"@id\":\"https:\/\/alfaro.es\/agendaurbana\/#website\"},\"primaryImageOfPage\":{\"@id\":\"https:\/\/alfaro.es\/agendaurbana\/el-estado-subvenciona-con-43-millones-la-reforma-de-seis-edificios-publicos-en-la-rioja\/#primaryimage\"},\"image\":{\"@id\":\"https:\/\/alfaro.es\/agendaurbana\/el-estado-subvenciona-con-43-millones-la-reforma-de-seis-edificios-publicos-en-la-rioja\/#primaryimage\"},\"thumbnailUrl\":\"https:\/\/alfaro.es\/agendaurbana\/wp-content\/uploads\/2022\/11\/02-scaled-e1669896955512.jpg\",\"datePublished\":\"2022-11-08T16:12:22+00:00\",\"dateModified\":\"2022-12-01T12:20:51+00:00\",\"breadcrumb\":{\"@id\":\"https:\/\/alfaro.es\/agendaurbana\/el-estado-subvenciona-con-43-millones-la-reforma-de-seis-edificios-publicos-en-la-rioja\/#breadcrumb\"},\"inLanguage\":\"es\",\"potentialAction\":[{\"@type\":\"ReadAction\",\"target\":[\"https:\/\/alfaro.es\/agendaurbana\/el-estado-subvenciona-con-43-millones-la-reforma-de-seis-edificios-publicos-en-la-rioja\/\"]}]},{\"@type\":\"ImageObject\",\"inLanguage\":\"es\",\"@id\":\"https:\/\/alfaro.es\/agendaurbana\/el-estado-subvenciona-con-43-millones-la-reforma-de-seis-edificios-publicos-en-la-rioja\/#primaryimage\",\"url\":\"https:\/\/alfaro.es\/agendaurbana\/wp-content\/uploads\/2022\/11\/02-scaled-e1669896955512.jpg\",\"contentUrl\":\"https:\/\/alfaro.es\/agendaurbana\/wp-content\/uploads\/2022\/11\/02-scaled-e1669896955512.jpg\",\"width\":1000,\"height\":563},{\"@type\":\"BreadcrumbList\",\"@id\":\"https:\/\/alfaro.es\/agendaurbana\/el-estado-subvenciona-con-43-millones-la-reforma-de-seis-edificios-publicos-en-la-rioja\/#breadcrumb\",\"itemListElement\":[{\"@type\":\"ListItem\",\"position\":1,\"name\":\"Portada\",\"item\":\"https:\/\/alfaro.es\/agendaurbana\/\"},{\"@type\":\"ListItem\",\"position\":2,\"name\":\"El Ayuntamiento de Alfaro recibir\u00e1 una subvenci\u00f3n para la rehabilitaci\u00f3n del antiguo colegio Jos\u00e9 Elorza\"}]},{\"@type\":\"WebSite\",\"@id\":\"https:\/\/alfaro.es\/agendaurbana\/#website\",\"url\":\"https:\/\/alfaro.es\/agendaurbana\/\",\"name\":\"Plan de Acci\u00f3n Alfaro\",\"description\":\"Agenda Urbana\",\"publisher\":{\"@id\":\"https:\/\/alfaro.es\/agendaurbana\/#organization\"},\"potentialAction\":[{\"@type\":\"SearchAction\",\"target\":{\"@type\":\"EntryPoint\",\"urlTemplate\":\"https:\/\/alfaro.es\/agendaurbana\/?s={search_term_string}\"},\"query-input\":{\"@type\":\"PropertyValueSpecification\",\"valueRequired\":true,\"valueName\":\"search_term_string\"}}],\"inLanguage\":\"es\"},{\"@type\":\"Organization\",\"@id\":\"https:\/\/alfaro.es\/agendaurbana\/#organization\",\"name\":\"Plan de acci\u00f3n Urbana Alfaro\",\"url\":\"https:\/\/alfaro.es\/agendaurbana\/\",\"logo\":{\"@type\":\"ImageObject\",\"inLanguage\":\"es\",\"@id\":\"https:\/\/alfaro.es\/agendaurbana\/#\/schema\/logo\/image\/\",\"url\":\"https:\/\/alfaro.es\/agendaurbana\/wp-content\/uploads\/2022\/04\/agenda-urbana-alfaro.svg\",\"contentUrl\":\"https:\/\/alfaro.es\/agendaurbana\/wp-content\/uploads\/2022\/04\/agenda-urbana-alfaro.svg\",\"width\":64,\"height\":28,\"caption\":\"Plan de acci\u00f3n Urbana Alfaro\"},\"image\":{\"@id\":\"https:\/\/alfaro.es\/agendaurbana\/#\/schema\/logo\/image\/\"}},{\"@type\":\"Person\",\"@id\":\"https:\/\/alfaro.es\/agendaurbana\/#\/schema\/person\/de46de97d31dfd2d57e8cbcf995f0563\",\"name\":\"cadalzo\",\"image\":{\"@type\":\"ImageObject\",\"inLanguage\":\"es\",\"@id\":\"https:\/\/alfaro.es\/agendaurbana\/#\/schema\/person\/image\/\",\"url\":\"https:\/\/secure.gravatar.com\/avatar\/4862a694a1ff9b01dd7a099132da08e63d5ef074da9676ff3609632d56a18e1a?s=96&d=mm&r=g\",\"contentUrl\":\"https:\/\/secure.gravatar.com\/avatar\/4862a694a1ff9b01dd7a099132da08e63d5ef074da9676ff3609632d56a18e1a?s=96&d=mm&r=g\",\"caption\":\"cadalzo\"},\"sameAs\":[\"https:\/\/alfaro.es\/agendaurbana\"]}]}<\/script>\n<!-- \/ Yoast SEO plugin. -->","yoast_head_json":{"title":"El Ayuntamiento de Alfaro recibir\u00e1 una subvenci\u00f3n para la rehabilitaci\u00f3n del antiguo colegio Jos\u00e9 Elorza - Plan de Acci\u00f3n Alfaro","robots":{"index":"index","follow":"follow","max-snippet":"max-snippet:-1","max-image-preview":"max-image-preview:large","max-video-preview":"max-video-preview:-1"},"canonical":"https:\/\/alfaro.es\/agendaurbana\/el-estado-subvenciona-con-43-millones-la-reforma-de-seis-edificios-publicos-en-la-rioja\/","og_locale":"es_ES","og_type":"article","og_title":"El Ayuntamiento de Alfaro recibir\u00e1 una subvenci\u00f3n para la rehabilitaci\u00f3n del antiguo colegio Jos\u00e9 Elorza - Plan de Acci\u00f3n Alfaro","og_description":"Alfaro recibe 1.999.862,20 \u20ac del PIREP (Plan de Impulso a la Rehabilitaci\u00f3n de Edificios P\u00fablicos) La propuesta, fue presentada a la convocatoria del Plan de Impulso a la Rehabilitaci\u00f3n de Edificios P\u00fablicos (PIREP), nace de una de las acciones de nuestro Plan de Acci\u00f3n Local, el PERI PALACIO REMIREZ. Ver noticia completa","og_url":"https:\/\/alfaro.es\/agendaurbana\/el-estado-subvenciona-con-43-millones-la-reforma-de-seis-edificios-publicos-en-la-rioja\/","og_site_name":"Plan de Acci\u00f3n Alfaro","article_published_time":"2022-11-08T16:12:22+00:00","article_modified_time":"2022-12-01T12:20:51+00:00","og_image":[{"width":1000,"height":563,"url":"https:\/\/alfaro.es\/agendaurbana\/wp-content\/uploads\/2022\/11\/02-scaled-e1669896955512.jpg","type":"image\/jpeg"}],"author":"cadalzo","twitter_card":"summary_large_image","twitter_misc":{"Escrito por":"cadalzo","Tiempo de lectura":"1 minuto"},"schema":{"@context":"https:\/\/schema.org","@graph":[{"@type":"Article","@id":"https:\/\/alfaro.es\/agendaurbana\/el-estado-subvenciona-con-43-millones-la-reforma-de-seis-edificios-publicos-en-la-rioja\/#article","isPartOf":{"@id":"https:\/\/alfaro.es\/agendaurbana\/el-estado-subvenciona-con-43-millones-la-reforma-de-seis-edificios-publicos-en-la-rioja\/"},"author":{"name":"cadalzo","@id":"https:\/\/alfaro.es\/agendaurbana\/#\/schema\/person\/de46de97d31dfd2d57e8cbcf995f0563"},"headline":"El Ayuntamiento de Alfaro recibir\u00e1 una subvenci\u00f3n para la rehabilitaci\u00f3n del antiguo colegio Jos\u00e9 Elorza","datePublished":"2022-11-08T16:12:22+00:00","dateModified":"2022-12-01T12:20:51+00:00","mainEntityOfPage":{"@id":"https:\/\/alfaro.es\/agendaurbana\/el-estado-subvenciona-con-43-millones-la-reforma-de-seis-edificios-publicos-en-la-rioja\/"},"wordCount":72,"commentCount":0,"publisher":{"@id":"https:\/\/alfaro.es\/agendaurbana\/#organization"},"image":{"@id":"https:\/\/alfaro.es\/agendaurbana\/el-estado-subvenciona-con-43-millones-la-reforma-de-seis-edificios-publicos-en-la-rioja\/#primaryimage"},"thumbnailUrl":"https:\/\/alfaro.es\/agendaurbana\/wp-content\/uploads\/2022\/11\/02-scaled-e1669896955512.jpg","articleSection":["Econom\u00eda urbana"],"inLanguage":"es","potentialAction":[{"@type":"CommentAction","name":"Comment","target":["https:\/\/alfaro.es\/agendaurbana\/el-estado-subvenciona-con-43-millones-la-reforma-de-seis-edificios-publicos-en-la-rioja\/#respond"]}]},{"@type":"WebPage","@id":"https:\/\/alfaro.es\/agendaurbana\/el-estado-subvenciona-con-43-millones-la-reforma-de-seis-edificios-publicos-en-la-rioja\/","url":"https:\/\/alfaro.es\/agendaurbana\/el-estado-subvenciona-con-43-millones-la-reforma-de-seis-edificios-publicos-en-la-rioja\/","name":"El Ayuntamiento de Alfaro recibir\u00e1 una subvenci\u00f3n para la rehabilitaci\u00f3n del antiguo colegio Jos\u00e9 Elorza - Plan de Acci\u00f3n Alfaro","isPartOf":{"@id":"https:\/\/alfaro.es\/agendaurbana\/#website"},"primaryImageOfPage":{"@id":"https:\/\/alfaro.es\/agendaurbana\/el-estado-subvenciona-con-43-millones-la-reforma-de-seis-edificios-publicos-en-la-rioja\/#primaryimage"},"image":{"@id":"https:\/\/alfaro.es\/agendaurbana\/el-estado-subvenciona-con-43-millones-la-reforma-de-seis-edificios-publicos-en-la-rioja\/#primaryimage"},"thumbnailUrl":"https:\/\/alfaro.es\/agendaurbana\/wp-content\/uploads\/2022\/11\/02-scaled-e1669896955512.jpg","datePublished":"2022-11-08T16:12:22+00:00","dateModified":"2022-12-01T12:20:51+00:00","breadcrumb":{"@id":"https:\/\/alfaro.es\/agendaurbana\/el-estado-subvenciona-con-43-millones-la-reforma-de-seis-edificios-publicos-en-la-rioja\/#breadcrumb"},"inLanguage":"es","potentialAction":[{"@type":"ReadAction","target":["https:\/\/alfaro.es\/agendaurbana\/el-estado-subvenciona-con-43-millones-la-reforma-de-seis-edificios-publicos-en-la-rioja\/"]}]},{"@type":"ImageObject","inLanguage":"es","@id":"https:\/\/alfaro.es\/agendaurbana\/el-estado-subvenciona-con-43-millones-la-reforma-de-seis-edificios-publicos-en-la-rioja\/#primaryimage","url":"https:\/\/alfaro.es\/agendaurbana\/wp-content\/uploads\/2022\/11\/02-scaled-e1669896955512.jpg","contentUrl":"https:\/\/alfaro.es\/agendaurbana\/wp-content\/uploads\/2022\/11\/02-scaled-e1669896955512.jpg","width":1000,"height":563},{"@type":"BreadcrumbList","@id":"https:\/\/alfaro.es\/agendaurbana\/el-estado-subvenciona-con-43-millones-la-reforma-de-seis-edificios-publicos-en-la-rioja\/#breadcrumb","itemListElement":[{"@type":"ListItem","position":1,"name":"Portada","item":"https:\/\/alfaro.es\/agendaurbana\/"},{"@type":"ListItem","position":2,"name":"El Ayuntamiento de Alfaro recibir\u00e1 una subvenci\u00f3n para la rehabilitaci\u00f3n del antiguo colegio Jos\u00e9 Elorza"}]},{"@type":"WebSite","@id":"https:\/\/alfaro.es\/agendaurbana\/#website","url":"https:\/\/alfaro.es\/agendaurbana\/","name":"Plan de Acci\u00f3n Alfaro","description":"Agenda Urbana","publisher":{"@id":"https:\/\/alfaro.es\/agendaurbana\/#organization"},"potentialAction":[{"@type":"SearchAction","target":{"@type":"EntryPoint","urlTemplate":"https:\/\/alfaro.es\/agendaurbana\/?s={search_term_string}"},"query-input":{"@type":"PropertyValueSpecification","valueRequired":true,"valueName":"search_term_string"}}],"inLanguage":"es"},{"@type":"Organization","@id":"https:\/\/alfaro.es\/agendaurbana\/#organization","name":"Plan de acci\u00f3n Urbana Alfaro","url":"https:\/\/alfaro.es\/agendaurbana\/","logo":{"@type":"ImageObject","inLanguage":"es","@id":"https:\/\/alfaro.es\/agendaurbana\/#\/schema\/logo\/image\/","url":"https:\/\/alfaro.es\/agendaurbana\/wp-content\/uploads\/2022\/04\/agenda-urbana-alfaro.svg","contentUrl":"https:\/\/alfaro.es\/agendaurbana\/wp-content\/uploads\/2022\/04\/agenda-urbana-alfaro.svg","width":64,"height":28,"caption":"Plan de acci\u00f3n Urbana Alfaro"},"image":{"@id":"https:\/\/alfaro.es\/agendaurbana\/#\/schema\/logo\/image\/"}},{"@type":"Person","@id":"https:\/\/alfaro.es\/agendaurbana\/#\/schema\/person\/de46de97d31dfd2d57e8cbcf995f0563","name":"cadalzo","image":{"@type":"ImageObject","inLanguage":"es","@id":"https:\/\/alfaro.es\/agendaurbana\/#\/schema\/person\/image\/","url":"https:\/\/secure.gravatar.com\/avatar\/4862a694a1ff9b01dd7a099132da08e63d5ef074da9676ff3609632d56a18e1a?s=96&d=mm&r=g","contentUrl":"https:\/\/secure.gravatar.com\/avatar\/4862a694a1ff9b01dd7a099132da08e63d5ef074da9676ff3609632d56a18e1a?s=96&d=mm&r=g","caption":"cadalzo"},"sameAs":["https:\/\/alfaro.es\/agendaurbana"]}]}},"_links":{"self":[{"href":"https:\/\/alfaro.es\/agendaurbana\/wp-json\/wp\/v2\/posts\/3188","targetHints":{"allow":["GET"]}}],"collection":[{"href":"https:\/\/alfaro.es\/agendaurbana\/wp-json\/wp\/v2\/posts"}],"about":[{"href":"https:\/\/alfaro.es\/agendaurbana\/wp-json\/wp\/v2\/types\/post"}],"author":[{"embeddable":true,"href":"https:\/\/alfaro.es\/agendaurbana\/wp-json\/wp\/v2\/users\/1"}],"replies":[{"embeddable":true,"href":"https:\/\/alfaro.es\/agendaurbana\/wp-json\/wp\/v2\/comments?post=3188"}],"version-history":[{"count":8,"href":"https:\/\/alfaro.es\/agendaurbana\/wp-json\/wp\/v2\/posts\/3188\/revisions"}],"predecessor-version":[{"id":3237,"href":"https:\/\/alfaro.es\/agendaurbana\/wp-json\/wp\/v2\/posts\/3188\/revisions\/3237"}],"wp:featuredmedia":[{"embeddable":true,"href":"https:\/\/alfaro.es\/agendaurbana\/wp-json\/wp\/v2\/media\/3230"}],"wp:attachment":[{"href":"https:\/\/alfaro.es\/agendaurbana\/wp-json\/wp\/v2\/media?parent=3188"}],"wp:term":[{"taxonomy":"category","embeddable":true,"href":"https:\/\/alfaro.es\/agendaurbana\/wp-json\/wp\/v2\/categories?post=3188"},{"taxonomy":"post_tag","embeddable":true,"href":"https:\/\/alfaro.es\/agendaurbana\/wp-json\/wp\/v2\/tags?post=3188"}],"curies":[{"name":"wp","href":"https:\/\/api.w.org\/{rel}","templated":true}]}}