{"id":3179,"date":"2022-09-14T12:39:53","date_gmt":"2022-09-14T10:39:53","guid":{"rendered":"https:\/\/alfaro.es\/agendaurbana\/?p=3179"},"modified":"2022-09-14T12:40:54","modified_gmt":"2022-09-14T10:40:54","slug":"alfaro-respalda-por-unanimidad","status":"publish","type":"post","link":"https:\/\/alfaro.es\/agendaurbana\/alfaro-respalda-por-unanimidad\/","title":{"rendered":"Alfaro respalda por unanimidad la Agenda Urbana como plan de futuro para la ciudad"},"content":{"rendered":"<p>Los tres grupos municipales del Ayuntamiento de <a title=\"www.larioja.com\" href=\"https:\/\/www.larioja.com\/comarcas\/alfaro\/\" data-voc-vtm-id=\"in-text-traffic\">Alfaro <\/a>se han comprometido a que la Agenda Urbana Local sea una de las gu\u00edas de presente y futuro para las pol\u00edticas urban\u00edsticas de la ciudad. Lo han plasmado al aprobar en pleno por unanimidad el Plan de Acci\u00f3n Local de Alfaro de la Agenda Urbana Espa\u00f1ola.<\/p>\n<p><a href=\"https:\/\/www.larioja.com\/comarcas\/alfaro\/alfaro-respalda-unanimidad-20220907194619-nt.html\" target=\"_blank\" rel=\"noopener\"><strong>Ver noticia completa<\/strong><\/a><\/p>\n","protected":false},"excerpt":{"rendered":"<p>Los tres grupos municipales del Ayuntamiento de Alfaro se han comprometido a que la Agenda Urbana Local sea una de las gu\u00edas de presente y futuro para las pol\u00edticas urban\u00edsticas de la ciudad. Lo han plasmado al aprobar en pleno por unanimidad el Plan de Acci\u00f3n Local de Alfaro de la Agenda Urbana Espa\u00f1ola. Ver [&hellip;]<\/p>\n","protected":false},"author":1,"featured_media":3181,"comment_status":"open","ping_status":"open","sticky":false,"template":"","format":"standard","meta":{"_acf_changed":false,"_monsterinsights_skip_tracking":false,"_monsterinsights_sitenote_active":false,"_monsterinsights_sitenote_note":"","_monsterinsights_sitenote_category":0,"footnotes":""},"categories":[14],"tags":[],"class_list":["post-3179","post","type-post","status-publish","format-standard","has-post-thumbnail","hentry","category-economia-urbana"],"acf":[],"yoast_head":"<!-- This site is optimized with the Yoast SEO plugin v24.6 - https:\/\/yoast.com\/wordpress\/plugins\/seo\/ -->\n<title>Alfaro respalda por unanimidad la Agenda Urbana como plan de futuro para la ciudad - Plan de Acci\u00f3n Alfaro<\/title>\n<meta name=\"robots\" content=\"index, follow, max-snippet:-1, max-image-preview:large, max-video-preview:-1\" \/>\n<link rel=\"canonical\" href=\"https:\/\/alfaro.es\/agendaurbana\/alfaro-respalda-por-unanimidad\/\" \/>\n<meta property=\"og:locale\" content=\"es_ES\" \/>\n<meta property=\"og:type\" content=\"article\" \/>\n<meta property=\"og:title\" content=\"Alfaro respalda por unanimidad la Agenda Urbana como plan de futuro para la ciudad - Plan de Acci\u00f3n Alfaro\" \/>\n<meta property=\"og:description\" content=\"Los tres grupos municipales del Ayuntamiento de Alfaro se han comprometido a que la Agenda Urbana Local sea una de las gu\u00edas de presente y futuro para las pol\u00edticas urban\u00edsticas de la ciudad. Lo han plasmado al aprobar en pleno por unanimidad el Plan de Acci\u00f3n Local de Alfaro de la Agenda Urbana Espa\u00f1ola. Ver [&hellip;]\" \/>\n<meta property=\"og:url\" content=\"https:\/\/alfaro.es\/agendaurbana\/alfaro-respalda-por-unanimidad\/\" \/>\n<meta property=\"og:site_name\" content=\"Plan de Acci\u00f3n Alfaro\" \/>\n<meta property=\"article:published_time\" content=\"2022-09-14T10:39:53+00:00\" \/>\n<meta property=\"article:modified_time\" content=\"2022-09-14T10:40:54+00:00\" \/>\n<meta property=\"og:image\" content=\"https:\/\/alfaro.es\/agendaurbana\/wp-content\/uploads\/2022\/09\/afaro.jpg\" \/>\n\t<meta property=\"og:image:width\" content=\"624\" \/>\n\t<meta property=\"og:image:height\" content=\"385\" \/>\n\t<meta property=\"og:image:type\" content=\"image\/jpeg\" \/>\n<meta name=\"author\" content=\"cadalzo\" \/>\n<meta name=\"twitter:card\" content=\"summary_large_image\" \/>\n<meta name=\"twitter:label1\" content=\"Escrito por\" \/>\n\t<meta name=\"twitter:data1\" content=\"cadalzo\" \/>\n<script type=\"application\/ld+json\" class=\"yoast-schema-graph\">{\"@context\":\"https:\/\/schema.org\",\"@graph\":[{\"@type\":\"Article\",\"@id\":\"https:\/\/alfaro.es\/agendaurbana\/alfaro-respalda-por-unanimidad\/#article\",\"isPartOf\":{\"@id\":\"https:\/\/alfaro.es\/agendaurbana\/alfaro-respalda-por-unanimidad\/\"},\"author\":{\"name\":\"cadalzo\",\"@id\":\"https:\/\/alfaro.es\/agendaurbana\/#\/schema\/person\/de46de97d31dfd2d57e8cbcf995f0563\"},\"headline\":\"Alfaro respalda por unanimidad la Agenda Urbana como plan de futuro para la ciudad\",\"datePublished\":\"2022-09-14T10:39:53+00:00\",\"dateModified\":\"2022-09-14T10:40:54+00:00\",\"mainEntityOfPage\":{\"@id\":\"https:\/\/alfaro.es\/agendaurbana\/alfaro-respalda-por-unanimidad\/\"},\"wordCount\":76,\"commentCount\":0,\"publisher\":{\"@id\":\"https:\/\/alfaro.es\/agendaurbana\/#organization\"},\"image\":{\"@id\":\"https:\/\/alfaro.es\/agendaurbana\/alfaro-respalda-por-unanimidad\/#primaryimage\"},\"thumbnailUrl\":\"https:\/\/alfaro.es\/agendaurbana\/wp-content\/uploads\/2022\/09\/afaro.jpg\",\"articleSection\":[\"Econom\u00eda urbana\"],\"inLanguage\":\"es\",\"potentialAction\":[{\"@type\":\"CommentAction\",\"name\":\"Comment\",\"target\":[\"https:\/\/alfaro.es\/agendaurbana\/alfaro-respalda-por-unanimidad\/#respond\"]}]},{\"@type\":\"WebPage\",\"@id\":\"https:\/\/alfaro.es\/agendaurbana\/alfaro-respalda-por-unanimidad\/\",\"url\":\"https:\/\/alfaro.es\/agendaurbana\/alfaro-respalda-por-unanimidad\/\",\"name\":\"Alfaro respalda por unanimidad la Agenda Urbana como plan de futuro para la ciudad - Plan de Acci\u00f3n Alfaro\",\"isPartOf\":{\"@id\":\"https:\/\/alfaro.es\/agendaurbana\/#website\"},\"primaryImageOfPage\":{\"@id\":\"https:\/\/alfaro.es\/agendaurbana\/alfaro-respalda-por-unanimidad\/#primaryimage\"},\"image\":{\"@id\":\"https:\/\/alfaro.es\/agendaurbana\/alfaro-respalda-por-unanimidad\/#primaryimage\"},\"thumbnailUrl\":\"https:\/\/alfaro.es\/agendaurbana\/wp-content\/uploads\/2022\/09\/afaro.jpg\",\"datePublished\":\"2022-09-14T10:39:53+00:00\",\"dateModified\":\"2022-09-14T10:40:54+00:00\",\"breadcrumb\":{\"@id\":\"https:\/\/alfaro.es\/agendaurbana\/alfaro-respalda-por-unanimidad\/#breadcrumb\"},\"inLanguage\":\"es\",\"potentialAction\":[{\"@type\":\"ReadAction\",\"target\":[\"https:\/\/alfaro.es\/agendaurbana\/alfaro-respalda-por-unanimidad\/\"]}]},{\"@type\":\"ImageObject\",\"inLanguage\":\"es\",\"@id\":\"https:\/\/alfaro.es\/agendaurbana\/alfaro-respalda-por-unanimidad\/#primaryimage\",\"url\":\"https:\/\/alfaro.es\/agendaurbana\/wp-content\/uploads\/2022\/09\/afaro.jpg\",\"contentUrl\":\"https:\/\/alfaro.es\/agendaurbana\/wp-content\/uploads\/2022\/09\/afaro.jpg\",\"width\":624,\"height\":385},{\"@type\":\"BreadcrumbList\",\"@id\":\"https:\/\/alfaro.es\/agendaurbana\/alfaro-respalda-por-unanimidad\/#breadcrumb\",\"itemListElement\":[{\"@type\":\"ListItem\",\"position\":1,\"name\":\"Portada\",\"item\":\"https:\/\/alfaro.es\/agendaurbana\/\"},{\"@type\":\"ListItem\",\"position\":2,\"name\":\"Alfaro respalda por unanimidad la Agenda Urbana como plan de futuro para la ciudad\"}]},{\"@type\":\"WebSite\",\"@id\":\"https:\/\/alfaro.es\/agendaurbana\/#website\",\"url\":\"https:\/\/alfaro.es\/agendaurbana\/\",\"name\":\"Plan de Acci\u00f3n Alfaro\",\"description\":\"Agenda Urbana\",\"publisher\":{\"@id\":\"https:\/\/alfaro.es\/agendaurbana\/#organization\"},\"potentialAction\":[{\"@type\":\"SearchAction\",\"target\":{\"@type\":\"EntryPoint\",\"urlTemplate\":\"https:\/\/alfaro.es\/agendaurbana\/?s={search_term_string}\"},\"query-input\":{\"@type\":\"PropertyValueSpecification\",\"valueRequired\":true,\"valueName\":\"search_term_string\"}}],\"inLanguage\":\"es\"},{\"@type\":\"Organization\",\"@id\":\"https:\/\/alfaro.es\/agendaurbana\/#organization\",\"name\":\"Plan de acci\u00f3n Urbana Alfaro\",\"url\":\"https:\/\/alfaro.es\/agendaurbana\/\",\"logo\":{\"@type\":\"ImageObject\",\"inLanguage\":\"es\",\"@id\":\"https:\/\/alfaro.es\/agendaurbana\/#\/schema\/logo\/image\/\",\"url\":\"https:\/\/alfaro.es\/agendaurbana\/wp-content\/uploads\/2022\/04\/agenda-urbana-alfaro.svg\",\"contentUrl\":\"https:\/\/alfaro.es\/agendaurbana\/wp-content\/uploads\/2022\/04\/agenda-urbana-alfaro.svg\",\"width\":64,\"height\":28,\"caption\":\"Plan de acci\u00f3n Urbana Alfaro\"},\"image\":{\"@id\":\"https:\/\/alfaro.es\/agendaurbana\/#\/schema\/logo\/image\/\"}},{\"@type\":\"Person\",\"@id\":\"https:\/\/alfaro.es\/agendaurbana\/#\/schema\/person\/de46de97d31dfd2d57e8cbcf995f0563\",\"name\":\"cadalzo\",\"image\":{\"@type\":\"ImageObject\",\"inLanguage\":\"es\",\"@id\":\"https:\/\/alfaro.es\/agendaurbana\/#\/schema\/person\/image\/\",\"url\":\"https:\/\/secure.gravatar.com\/avatar\/4862a694a1ff9b01dd7a099132da08e63d5ef074da9676ff3609632d56a18e1a?s=96&d=mm&r=g\",\"contentUrl\":\"https:\/\/secure.gravatar.com\/avatar\/4862a694a1ff9b01dd7a099132da08e63d5ef074da9676ff3609632d56a18e1a?s=96&d=mm&r=g\",\"caption\":\"cadalzo\"},\"sameAs\":[\"https:\/\/alfaro.es\/agendaurbana\"]}]}<\/script>\n<!-- \/ Yoast SEO plugin. -->","yoast_head_json":{"title":"Alfaro respalda por unanimidad la Agenda Urbana como plan de futuro para la ciudad - Plan de Acci\u00f3n Alfaro","robots":{"index":"index","follow":"follow","max-snippet":"max-snippet:-1","max-image-preview":"max-image-preview:large","max-video-preview":"max-video-preview:-1"},"canonical":"https:\/\/alfaro.es\/agendaurbana\/alfaro-respalda-por-unanimidad\/","og_locale":"es_ES","og_type":"article","og_title":"Alfaro respalda por unanimidad la Agenda Urbana como plan de futuro para la ciudad - Plan de Acci\u00f3n Alfaro","og_description":"Los tres grupos municipales del Ayuntamiento de Alfaro se han comprometido a que la Agenda Urbana Local sea una de las gu\u00edas de presente y futuro para las pol\u00edticas urban\u00edsticas de la ciudad. Lo han plasmado al aprobar en pleno por unanimidad el Plan de Acci\u00f3n Local de Alfaro de la Agenda Urbana Espa\u00f1ola. Ver [&hellip;]","og_url":"https:\/\/alfaro.es\/agendaurbana\/alfaro-respalda-por-unanimidad\/","og_site_name":"Plan de Acci\u00f3n Alfaro","article_published_time":"2022-09-14T10:39:53+00:00","article_modified_time":"2022-09-14T10:40:54+00:00","og_image":[{"width":624,"height":385,"url":"https:\/\/alfaro.es\/agendaurbana\/wp-content\/uploads\/2022\/09\/afaro.jpg","type":"image\/jpeg"}],"author":"cadalzo","twitter_card":"summary_large_image","twitter_misc":{"Escrito por":"cadalzo"},"schema":{"@context":"https:\/\/schema.org","@graph":[{"@type":"Article","@id":"https:\/\/alfaro.es\/agendaurbana\/alfaro-respalda-por-unanimidad\/#article","isPartOf":{"@id":"https:\/\/alfaro.es\/agendaurbana\/alfaro-respalda-por-unanimidad\/"},"author":{"name":"cadalzo","@id":"https:\/\/alfaro.es\/agendaurbana\/#\/schema\/person\/de46de97d31dfd2d57e8cbcf995f0563"},"headline":"Alfaro respalda por unanimidad la Agenda Urbana como plan de futuro para la ciudad","datePublished":"2022-09-14T10:39:53+00:00","dateModified":"2022-09-14T10:40:54+00:00","mainEntityOfPage":{"@id":"https:\/\/alfaro.es\/agendaurbana\/alfaro-respalda-por-unanimidad\/"},"wordCount":76,"commentCount":0,"publisher":{"@id":"https:\/\/alfaro.es\/agendaurbana\/#organization"},"image":{"@id":"https:\/\/alfaro.es\/agendaurbana\/alfaro-respalda-por-unanimidad\/#primaryimage"},"thumbnailUrl":"https:\/\/alfaro.es\/agendaurbana\/wp-content\/uploads\/2022\/09\/afaro.jpg","articleSection":["Econom\u00eda urbana"],"inLanguage":"es","potentialAction":[{"@type":"CommentAction","name":"Comment","target":["https:\/\/alfaro.es\/agendaurbana\/alfaro-respalda-por-unanimidad\/#respond"]}]},{"@type":"WebPage","@id":"https:\/\/alfaro.es\/agendaurbana\/alfaro-respalda-por-unanimidad\/","url":"https:\/\/alfaro.es\/agendaurbana\/alfaro-respalda-por-unanimidad\/","name":"Alfaro respalda por unanimidad la Agenda Urbana como plan de futuro para la ciudad - Plan de Acci\u00f3n Alfaro","isPartOf":{"@id":"https:\/\/alfaro.es\/agendaurbana\/#website"},"primaryImageOfPage":{"@id":"https:\/\/alfaro.es\/agendaurbana\/alfaro-respalda-por-unanimidad\/#primaryimage"},"image":{"@id":"https:\/\/alfaro.es\/agendaurbana\/alfaro-respalda-por-unanimidad\/#primaryimage"},"thumbnailUrl":"https:\/\/alfaro.es\/agendaurbana\/wp-content\/uploads\/2022\/09\/afaro.jpg","datePublished":"2022-09-14T10:39:53+00:00","dateModified":"2022-09-14T10:40:54+00:00","breadcrumb":{"@id":"https:\/\/alfaro.es\/agendaurbana\/alfaro-respalda-por-unanimidad\/#breadcrumb"},"inLanguage":"es","potentialAction":[{"@type":"ReadAction","target":["https:\/\/alfaro.es\/agendaurbana\/alfaro-respalda-por-unanimidad\/"]}]},{"@type":"ImageObject","inLanguage":"es","@id":"https:\/\/alfaro.es\/agendaurbana\/alfaro-respalda-por-unanimidad\/#primaryimage","url":"https:\/\/alfaro.es\/agendaurbana\/wp-content\/uploads\/2022\/09\/afaro.jpg","contentUrl":"https:\/\/alfaro.es\/agendaurbana\/wp-content\/uploads\/2022\/09\/afaro.jpg","width":624,"height":385},{"@type":"BreadcrumbList","@id":"https:\/\/alfaro.es\/agendaurbana\/alfaro-respalda-por-unanimidad\/#breadcrumb","itemListElement":[{"@type":"ListItem","position":1,"name":"Portada","item":"https:\/\/alfaro.es\/agendaurbana\/"},{"@type":"ListItem","position":2,"name":"Alfaro respalda por unanimidad la Agenda Urbana como plan de futuro para la ciudad"}]},{"@type":"WebSite","@id":"https:\/\/alfaro.es\/agendaurbana\/#website","url":"https:\/\/alfaro.es\/agendaurbana\/","name":"Plan de Acci\u00f3n Alfaro","description":"Agenda Urbana","publisher":{"@id":"https:\/\/alfaro.es\/agendaurbana\/#organization"},"potentialAction":[{"@type":"SearchAction","target":{"@type":"EntryPoint","urlTemplate":"https:\/\/alfaro.es\/agendaurbana\/?s={search_term_string}"},"query-input":{"@type":"PropertyValueSpecification","valueRequired":true,"valueName":"search_term_string"}}],"inLanguage":"es"},{"@type":"Organization","@id":"https:\/\/alfaro.es\/agendaurbana\/#organization","name":"Plan de acci\u00f3n Urbana Alfaro","url":"https:\/\/alfaro.es\/agendaurbana\/","logo":{"@type":"ImageObject","inLanguage":"es","@id":"https:\/\/alfaro.es\/agendaurbana\/#\/schema\/logo\/image\/","url":"https:\/\/alfaro.es\/agendaurbana\/wp-content\/uploads\/2022\/04\/agenda-urbana-alfaro.svg","contentUrl":"https:\/\/alfaro.es\/agendaurbana\/wp-content\/uploads\/2022\/04\/agenda-urbana-alfaro.svg","width":64,"height":28,"caption":"Plan de acci\u00f3n Urbana Alfaro"},"image":{"@id":"https:\/\/alfaro.es\/agendaurbana\/#\/schema\/logo\/image\/"}},{"@type":"Person","@id":"https:\/\/alfaro.es\/agendaurbana\/#\/schema\/person\/de46de97d31dfd2d57e8cbcf995f0563","name":"cadalzo","image":{"@type":"ImageObject","inLanguage":"es","@id":"https:\/\/alfaro.es\/agendaurbana\/#\/schema\/person\/image\/","url":"https:\/\/secure.gravatar.com\/avatar\/4862a694a1ff9b01dd7a099132da08e63d5ef074da9676ff3609632d56a18e1a?s=96&d=mm&r=g","contentUrl":"https:\/\/secure.gravatar.com\/avatar\/4862a694a1ff9b01dd7a099132da08e63d5ef074da9676ff3609632d56a18e1a?s=96&d=mm&r=g","caption":"cadalzo"},"sameAs":["https:\/\/alfaro.es\/agendaurbana"]}]}},"_links":{"self":[{"href":"https:\/\/alfaro.es\/agendaurbana\/wp-json\/wp\/v2\/posts\/3179","targetHints":{"allow":["GET"]}}],"collection":[{"href":"https:\/\/alfaro.es\/agendaurbana\/wp-json\/wp\/v2\/posts"}],"about":[{"href":"https:\/\/alfaro.es\/agendaurbana\/wp-json\/wp\/v2\/types\/post"}],"author":[{"embeddable":true,"href":"https:\/\/alfaro.es\/agendaurbana\/wp-json\/wp\/v2\/users\/1"}],"replies":[{"embeddable":true,"href":"https:\/\/alfaro.es\/agendaurbana\/wp-json\/wp\/v2\/comments?post=3179"}],"version-history":[{"count":2,"href":"https:\/\/alfaro.es\/agendaurbana\/wp-json\/wp\/v2\/posts\/3179\/revisions"}],"predecessor-version":[{"id":3182,"href":"https:\/\/alfaro.es\/agendaurbana\/wp-json\/wp\/v2\/posts\/3179\/revisions\/3182"}],"wp:featuredmedia":[{"embeddable":true,"href":"https:\/\/alfaro.es\/agendaurbana\/wp-json\/wp\/v2\/media\/3181"}],"wp:attachment":[{"href":"https:\/\/alfaro.es\/agendaurbana\/wp-json\/wp\/v2\/media?parent=3179"}],"wp:term":[{"taxonomy":"category","embeddable":true,"href":"https:\/\/alfaro.es\/agendaurbana\/wp-json\/wp\/v2\/categories?post=3179"},{"taxonomy":"post_tag","embeddable":true,"href":"https:\/\/alfaro.es\/agendaurbana\/wp-json\/wp\/v2\/tags?post=3179"}],"curies":[{"name":"wp","href":"https:\/\/api.w.org\/{rel}","templated":true}]}}