{"id":3108,"date":"2022-08-12T11:52:50","date_gmt":"2022-08-12T09:52:50","guid":{"rendered":"https:\/\/alfaro.es\/agendaurbana\/?p=3108"},"modified":"2022-08-12T11:53:25","modified_gmt":"2022-08-12T09:53:25","slug":"alfaro-en-el-foro-urbano-mundial-de-katowice-polonia","status":"publish","type":"post","link":"https:\/\/alfaro.es\/agendaurbana\/alfaro-en-el-foro-urbano-mundial-de-katowice-polonia\/","title":{"rendered":"Alfaro en el Foro Urbano Mundial de Katowice (Polonia)"},"content":{"rendered":"<p>El futuro es urbano. As\u00ed lo asegura el Informe Mundial de las Ciudades 2022, presentado en el \u00faltimo Foro Urbano Mundial de Katowice (Polonia). En sus p\u00e1ginas alerta de que el \u201c\u00e9xodo\u201d de las<br \/>\ngrandes ciudades a las zonas suburbanas, provocado por la COVID-19, ha sido \u201ctemporal\u201d y que, a nivel mundial, el 68% de la poblaci\u00f3n vivir\u00e1 en ciudades en 2050. Ante esta perspectiva, Naciones Unidas llama a la Acci\u00f3n Local para lograr \u201cCiudades a 15 minutos\u201d y con un nuevo \u201ccontrato social\u201d con tres pilares: renta b\u00e1sica, cobertura sanitaria universal y vivienda.<\/p>\n<p><a href=\"https:\/\/alfaro.es\/agendaurbana\/wp-content\/uploads\/2022\/08\/Carta-Local-n-359-julio-agosto-2022.pdf\" target=\"_blank\" rel=\"noopener\"><strong>Ver noticia completa<\/strong><\/a><\/p>\n","protected":false},"excerpt":{"rendered":"<p>El futuro es urbano. As\u00ed lo asegura el Informe Mundial de las Ciudades 2022, presentado en el \u00faltimo Foro Urbano Mundial de Katowice (Polonia). En sus p\u00e1ginas alerta de que el \u201c\u00e9xodo\u201d de las grandes ciudades a las zonas suburbanas, provocado por la COVID-19, ha sido \u201ctemporal\u201d y que, a nivel mundial, el 68% de [&hellip;]<\/p>\n","protected":false},"author":1,"featured_media":3109,"comment_status":"open","ping_status":"open","sticky":false,"template":"","format":"standard","meta":{"_acf_changed":false,"_monsterinsights_skip_tracking":false,"_monsterinsights_sitenote_active":false,"_monsterinsights_sitenote_note":"","_monsterinsights_sitenote_category":0,"footnotes":""},"categories":[10],"tags":[],"class_list":["post-3108","post","type-post","status-publish","format-standard","has-post-thumbnail","hentry","category-modelo-de-ciudad"],"acf":[],"yoast_head":"<!-- This site is optimized with the Yoast SEO plugin v24.6 - https:\/\/yoast.com\/wordpress\/plugins\/seo\/ -->\n<title>Alfaro en el Foro Urbano Mundial de Katowice (Polonia) - Plan de Acci\u00f3n Alfaro<\/title>\n<meta name=\"robots\" content=\"index, follow, max-snippet:-1, max-image-preview:large, max-video-preview:-1\" \/>\n<link rel=\"canonical\" href=\"https:\/\/alfaro.es\/agendaurbana\/alfaro-en-el-foro-urbano-mundial-de-katowice-polonia\/\" \/>\n<meta property=\"og:locale\" content=\"es_ES\" \/>\n<meta property=\"og:type\" content=\"article\" \/>\n<meta property=\"og:title\" content=\"Alfaro en el Foro Urbano Mundial de Katowice (Polonia) - Plan de Acci\u00f3n Alfaro\" \/>\n<meta property=\"og:description\" content=\"El futuro es urbano. As\u00ed lo asegura el Informe Mundial de las Ciudades 2022, presentado en el \u00faltimo Foro Urbano Mundial de Katowice (Polonia). En sus p\u00e1ginas alerta de que el \u201c\u00e9xodo\u201d de las grandes ciudades a las zonas suburbanas, provocado por la COVID-19, ha sido \u201ctemporal\u201d y que, a nivel mundial, el 68% de [&hellip;]\" \/>\n<meta property=\"og:url\" content=\"https:\/\/alfaro.es\/agendaurbana\/alfaro-en-el-foro-urbano-mundial-de-katowice-polonia\/\" \/>\n<meta property=\"og:site_name\" content=\"Plan de Acci\u00f3n Alfaro\" \/>\n<meta property=\"article:published_time\" content=\"2022-08-12T09:52:50+00:00\" \/>\n<meta property=\"article:modified_time\" content=\"2022-08-12T09:53:25+00:00\" \/>\n<meta property=\"og:image\" content=\"https:\/\/alfaro.es\/agendaurbana\/wp-content\/uploads\/2022\/08\/katowice-alfaro.jpg\" \/>\n\t<meta property=\"og:image:width\" content=\"1200\" \/>\n\t<meta property=\"og:image:height\" content=\"776\" \/>\n\t<meta property=\"og:image:type\" content=\"image\/jpeg\" \/>\n<meta name=\"author\" content=\"cadalzo\" \/>\n<meta name=\"twitter:card\" content=\"summary_large_image\" \/>\n<meta name=\"twitter:label1\" content=\"Escrito por\" \/>\n\t<meta name=\"twitter:data1\" content=\"cadalzo\" \/>\n<script type=\"application\/ld+json\" class=\"yoast-schema-graph\">{\"@context\":\"https:\/\/schema.org\",\"@graph\":[{\"@type\":\"Article\",\"@id\":\"https:\/\/alfaro.es\/agendaurbana\/alfaro-en-el-foro-urbano-mundial-de-katowice-polonia\/#article\",\"isPartOf\":{\"@id\":\"https:\/\/alfaro.es\/agendaurbana\/alfaro-en-el-foro-urbano-mundial-de-katowice-polonia\/\"},\"author\":{\"name\":\"cadalzo\",\"@id\":\"https:\/\/alfaro.es\/agendaurbana\/#\/schema\/person\/de46de97d31dfd2d57e8cbcf995f0563\"},\"headline\":\"Alfaro en el Foro Urbano Mundial de Katowice (Polonia)\",\"datePublished\":\"2022-08-12T09:52:50+00:00\",\"dateModified\":\"2022-08-12T09:53:25+00:00\",\"mainEntityOfPage\":{\"@id\":\"https:\/\/alfaro.es\/agendaurbana\/alfaro-en-el-foro-urbano-mundial-de-katowice-polonia\/\"},\"wordCount\":106,\"commentCount\":0,\"publisher\":{\"@id\":\"https:\/\/alfaro.es\/agendaurbana\/#organization\"},\"image\":{\"@id\":\"https:\/\/alfaro.es\/agendaurbana\/alfaro-en-el-foro-urbano-mundial-de-katowice-polonia\/#primaryimage\"},\"thumbnailUrl\":\"https:\/\/alfaro.es\/agendaurbana\/wp-content\/uploads\/2022\/08\/katowice-alfaro.jpg\",\"articleSection\":[\"Modelo de ciudad\"],\"inLanguage\":\"es\",\"potentialAction\":[{\"@type\":\"CommentAction\",\"name\":\"Comment\",\"target\":[\"https:\/\/alfaro.es\/agendaurbana\/alfaro-en-el-foro-urbano-mundial-de-katowice-polonia\/#respond\"]}]},{\"@type\":\"WebPage\",\"@id\":\"https:\/\/alfaro.es\/agendaurbana\/alfaro-en-el-foro-urbano-mundial-de-katowice-polonia\/\",\"url\":\"https:\/\/alfaro.es\/agendaurbana\/alfaro-en-el-foro-urbano-mundial-de-katowice-polonia\/\",\"name\":\"Alfaro en el Foro Urbano Mundial de Katowice (Polonia) - Plan de Acci\u00f3n Alfaro\",\"isPartOf\":{\"@id\":\"https:\/\/alfaro.es\/agendaurbana\/#website\"},\"primaryImageOfPage\":{\"@id\":\"https:\/\/alfaro.es\/agendaurbana\/alfaro-en-el-foro-urbano-mundial-de-katowice-polonia\/#primaryimage\"},\"image\":{\"@id\":\"https:\/\/alfaro.es\/agendaurbana\/alfaro-en-el-foro-urbano-mundial-de-katowice-polonia\/#primaryimage\"},\"thumbnailUrl\":\"https:\/\/alfaro.es\/agendaurbana\/wp-content\/uploads\/2022\/08\/katowice-alfaro.jpg\",\"datePublished\":\"2022-08-12T09:52:50+00:00\",\"dateModified\":\"2022-08-12T09:53:25+00:00\",\"breadcrumb\":{\"@id\":\"https:\/\/alfaro.es\/agendaurbana\/alfaro-en-el-foro-urbano-mundial-de-katowice-polonia\/#breadcrumb\"},\"inLanguage\":\"es\",\"potentialAction\":[{\"@type\":\"ReadAction\",\"target\":[\"https:\/\/alfaro.es\/agendaurbana\/alfaro-en-el-foro-urbano-mundial-de-katowice-polonia\/\"]}]},{\"@type\":\"ImageObject\",\"inLanguage\":\"es\",\"@id\":\"https:\/\/alfaro.es\/agendaurbana\/alfaro-en-el-foro-urbano-mundial-de-katowice-polonia\/#primaryimage\",\"url\":\"https:\/\/alfaro.es\/agendaurbana\/wp-content\/uploads\/2022\/08\/katowice-alfaro.jpg\",\"contentUrl\":\"https:\/\/alfaro.es\/agendaurbana\/wp-content\/uploads\/2022\/08\/katowice-alfaro.jpg\",\"width\":1200,\"height\":776},{\"@type\":\"BreadcrumbList\",\"@id\":\"https:\/\/alfaro.es\/agendaurbana\/alfaro-en-el-foro-urbano-mundial-de-katowice-polonia\/#breadcrumb\",\"itemListElement\":[{\"@type\":\"ListItem\",\"position\":1,\"name\":\"Portada\",\"item\":\"https:\/\/alfaro.es\/agendaurbana\/\"},{\"@type\":\"ListItem\",\"position\":2,\"name\":\"Alfaro en el Foro Urbano Mundial de Katowice (Polonia)\"}]},{\"@type\":\"WebSite\",\"@id\":\"https:\/\/alfaro.es\/agendaurbana\/#website\",\"url\":\"https:\/\/alfaro.es\/agendaurbana\/\",\"name\":\"Plan de Acci\u00f3n Alfaro\",\"description\":\"Agenda Urbana\",\"publisher\":{\"@id\":\"https:\/\/alfaro.es\/agendaurbana\/#organization\"},\"potentialAction\":[{\"@type\":\"SearchAction\",\"target\":{\"@type\":\"EntryPoint\",\"urlTemplate\":\"https:\/\/alfaro.es\/agendaurbana\/?s={search_term_string}\"},\"query-input\":{\"@type\":\"PropertyValueSpecification\",\"valueRequired\":true,\"valueName\":\"search_term_string\"}}],\"inLanguage\":\"es\"},{\"@type\":\"Organization\",\"@id\":\"https:\/\/alfaro.es\/agendaurbana\/#organization\",\"name\":\"Plan de acci\u00f3n Urbana Alfaro\",\"url\":\"https:\/\/alfaro.es\/agendaurbana\/\",\"logo\":{\"@type\":\"ImageObject\",\"inLanguage\":\"es\",\"@id\":\"https:\/\/alfaro.es\/agendaurbana\/#\/schema\/logo\/image\/\",\"url\":\"https:\/\/alfaro.es\/agendaurbana\/wp-content\/uploads\/2022\/04\/agenda-urbana-alfaro.svg\",\"contentUrl\":\"https:\/\/alfaro.es\/agendaurbana\/wp-content\/uploads\/2022\/04\/agenda-urbana-alfaro.svg\",\"width\":64,\"height\":28,\"caption\":\"Plan de acci\u00f3n Urbana Alfaro\"},\"image\":{\"@id\":\"https:\/\/alfaro.es\/agendaurbana\/#\/schema\/logo\/image\/\"}},{\"@type\":\"Person\",\"@id\":\"https:\/\/alfaro.es\/agendaurbana\/#\/schema\/person\/de46de97d31dfd2d57e8cbcf995f0563\",\"name\":\"cadalzo\",\"image\":{\"@type\":\"ImageObject\",\"inLanguage\":\"es\",\"@id\":\"https:\/\/alfaro.es\/agendaurbana\/#\/schema\/person\/image\/\",\"url\":\"https:\/\/secure.gravatar.com\/avatar\/4862a694a1ff9b01dd7a099132da08e63d5ef074da9676ff3609632d56a18e1a?s=96&d=mm&r=g\",\"contentUrl\":\"https:\/\/secure.gravatar.com\/avatar\/4862a694a1ff9b01dd7a099132da08e63d5ef074da9676ff3609632d56a18e1a?s=96&d=mm&r=g\",\"caption\":\"cadalzo\"},\"sameAs\":[\"https:\/\/alfaro.es\/agendaurbana\"]}]}<\/script>\n<!-- \/ Yoast SEO plugin. -->","yoast_head_json":{"title":"Alfaro en el Foro Urbano Mundial de Katowice (Polonia) - Plan de Acci\u00f3n Alfaro","robots":{"index":"index","follow":"follow","max-snippet":"max-snippet:-1","max-image-preview":"max-image-preview:large","max-video-preview":"max-video-preview:-1"},"canonical":"https:\/\/alfaro.es\/agendaurbana\/alfaro-en-el-foro-urbano-mundial-de-katowice-polonia\/","og_locale":"es_ES","og_type":"article","og_title":"Alfaro en el Foro Urbano Mundial de Katowice (Polonia) - Plan de Acci\u00f3n Alfaro","og_description":"El futuro es urbano. As\u00ed lo asegura el Informe Mundial de las Ciudades 2022, presentado en el \u00faltimo Foro Urbano Mundial de Katowice (Polonia). En sus p\u00e1ginas alerta de que el \u201c\u00e9xodo\u201d de las grandes ciudades a las zonas suburbanas, provocado por la COVID-19, ha sido \u201ctemporal\u201d y que, a nivel mundial, el 68% de [&hellip;]","og_url":"https:\/\/alfaro.es\/agendaurbana\/alfaro-en-el-foro-urbano-mundial-de-katowice-polonia\/","og_site_name":"Plan de Acci\u00f3n Alfaro","article_published_time":"2022-08-12T09:52:50+00:00","article_modified_time":"2022-08-12T09:53:25+00:00","og_image":[{"width":1200,"height":776,"url":"https:\/\/alfaro.es\/agendaurbana\/wp-content\/uploads\/2022\/08\/katowice-alfaro.jpg","type":"image\/jpeg"}],"author":"cadalzo","twitter_card":"summary_large_image","twitter_misc":{"Escrito por":"cadalzo"},"schema":{"@context":"https:\/\/schema.org","@graph":[{"@type":"Article","@id":"https:\/\/alfaro.es\/agendaurbana\/alfaro-en-el-foro-urbano-mundial-de-katowice-polonia\/#article","isPartOf":{"@id":"https:\/\/alfaro.es\/agendaurbana\/alfaro-en-el-foro-urbano-mundial-de-katowice-polonia\/"},"author":{"name":"cadalzo","@id":"https:\/\/alfaro.es\/agendaurbana\/#\/schema\/person\/de46de97d31dfd2d57e8cbcf995f0563"},"headline":"Alfaro en el Foro Urbano Mundial de Katowice (Polonia)","datePublished":"2022-08-12T09:52:50+00:00","dateModified":"2022-08-12T09:53:25+00:00","mainEntityOfPage":{"@id":"https:\/\/alfaro.es\/agendaurbana\/alfaro-en-el-foro-urbano-mundial-de-katowice-polonia\/"},"wordCount":106,"commentCount":0,"publisher":{"@id":"https:\/\/alfaro.es\/agendaurbana\/#organization"},"image":{"@id":"https:\/\/alfaro.es\/agendaurbana\/alfaro-en-el-foro-urbano-mundial-de-katowice-polonia\/#primaryimage"},"thumbnailUrl":"https:\/\/alfaro.es\/agendaurbana\/wp-content\/uploads\/2022\/08\/katowice-alfaro.jpg","articleSection":["Modelo de ciudad"],"inLanguage":"es","potentialAction":[{"@type":"CommentAction","name":"Comment","target":["https:\/\/alfaro.es\/agendaurbana\/alfaro-en-el-foro-urbano-mundial-de-katowice-polonia\/#respond"]}]},{"@type":"WebPage","@id":"https:\/\/alfaro.es\/agendaurbana\/alfaro-en-el-foro-urbano-mundial-de-katowice-polonia\/","url":"https:\/\/alfaro.es\/agendaurbana\/alfaro-en-el-foro-urbano-mundial-de-katowice-polonia\/","name":"Alfaro en el Foro Urbano Mundial de Katowice (Polonia) - Plan de Acci\u00f3n Alfaro","isPartOf":{"@id":"https:\/\/alfaro.es\/agendaurbana\/#website"},"primaryImageOfPage":{"@id":"https:\/\/alfaro.es\/agendaurbana\/alfaro-en-el-foro-urbano-mundial-de-katowice-polonia\/#primaryimage"},"image":{"@id":"https:\/\/alfaro.es\/agendaurbana\/alfaro-en-el-foro-urbano-mundial-de-katowice-polonia\/#primaryimage"},"thumbnailUrl":"https:\/\/alfaro.es\/agendaurbana\/wp-content\/uploads\/2022\/08\/katowice-alfaro.jpg","datePublished":"2022-08-12T09:52:50+00:00","dateModified":"2022-08-12T09:53:25+00:00","breadcrumb":{"@id":"https:\/\/alfaro.es\/agendaurbana\/alfaro-en-el-foro-urbano-mundial-de-katowice-polonia\/#breadcrumb"},"inLanguage":"es","potentialAction":[{"@type":"ReadAction","target":["https:\/\/alfaro.es\/agendaurbana\/alfaro-en-el-foro-urbano-mundial-de-katowice-polonia\/"]}]},{"@type":"ImageObject","inLanguage":"es","@id":"https:\/\/alfaro.es\/agendaurbana\/alfaro-en-el-foro-urbano-mundial-de-katowice-polonia\/#primaryimage","url":"https:\/\/alfaro.es\/agendaurbana\/wp-content\/uploads\/2022\/08\/katowice-alfaro.jpg","contentUrl":"https:\/\/alfaro.es\/agendaurbana\/wp-content\/uploads\/2022\/08\/katowice-alfaro.jpg","width":1200,"height":776},{"@type":"BreadcrumbList","@id":"https:\/\/alfaro.es\/agendaurbana\/alfaro-en-el-foro-urbano-mundial-de-katowice-polonia\/#breadcrumb","itemListElement":[{"@type":"ListItem","position":1,"name":"Portada","item":"https:\/\/alfaro.es\/agendaurbana\/"},{"@type":"ListItem","position":2,"name":"Alfaro en el Foro Urbano Mundial de Katowice (Polonia)"}]},{"@type":"WebSite","@id":"https:\/\/alfaro.es\/agendaurbana\/#website","url":"https:\/\/alfaro.es\/agendaurbana\/","name":"Plan de Acci\u00f3n Alfaro","description":"Agenda Urbana","publisher":{"@id":"https:\/\/alfaro.es\/agendaurbana\/#organization"},"potentialAction":[{"@type":"SearchAction","target":{"@type":"EntryPoint","urlTemplate":"https:\/\/alfaro.es\/agendaurbana\/?s={search_term_string}"},"query-input":{"@type":"PropertyValueSpecification","valueRequired":true,"valueName":"search_term_string"}}],"inLanguage":"es"},{"@type":"Organization","@id":"https:\/\/alfaro.es\/agendaurbana\/#organization","name":"Plan de acci\u00f3n Urbana Alfaro","url":"https:\/\/alfaro.es\/agendaurbana\/","logo":{"@type":"ImageObject","inLanguage":"es","@id":"https:\/\/alfaro.es\/agendaurbana\/#\/schema\/logo\/image\/","url":"https:\/\/alfaro.es\/agendaurbana\/wp-content\/uploads\/2022\/04\/agenda-urbana-alfaro.svg","contentUrl":"https:\/\/alfaro.es\/agendaurbana\/wp-content\/uploads\/2022\/04\/agenda-urbana-alfaro.svg","width":64,"height":28,"caption":"Plan de acci\u00f3n Urbana Alfaro"},"image":{"@id":"https:\/\/alfaro.es\/agendaurbana\/#\/schema\/logo\/image\/"}},{"@type":"Person","@id":"https:\/\/alfaro.es\/agendaurbana\/#\/schema\/person\/de46de97d31dfd2d57e8cbcf995f0563","name":"cadalzo","image":{"@type":"ImageObject","inLanguage":"es","@id":"https:\/\/alfaro.es\/agendaurbana\/#\/schema\/person\/image\/","url":"https:\/\/secure.gravatar.com\/avatar\/4862a694a1ff9b01dd7a099132da08e63d5ef074da9676ff3609632d56a18e1a?s=96&d=mm&r=g","contentUrl":"https:\/\/secure.gravatar.com\/avatar\/4862a694a1ff9b01dd7a099132da08e63d5ef074da9676ff3609632d56a18e1a?s=96&d=mm&r=g","caption":"cadalzo"},"sameAs":["https:\/\/alfaro.es\/agendaurbana"]}]}},"_links":{"self":[{"href":"https:\/\/alfaro.es\/agendaurbana\/wp-json\/wp\/v2\/posts\/3108","targetHints":{"allow":["GET"]}}],"collection":[{"href":"https:\/\/alfaro.es\/agendaurbana\/wp-json\/wp\/v2\/posts"}],"about":[{"href":"https:\/\/alfaro.es\/agendaurbana\/wp-json\/wp\/v2\/types\/post"}],"author":[{"embeddable":true,"href":"https:\/\/alfaro.es\/agendaurbana\/wp-json\/wp\/v2\/users\/1"}],"replies":[{"embeddable":true,"href":"https:\/\/alfaro.es\/agendaurbana\/wp-json\/wp\/v2\/comments?post=3108"}],"version-history":[{"count":2,"href":"https:\/\/alfaro.es\/agendaurbana\/wp-json\/wp\/v2\/posts\/3108\/revisions"}],"predecessor-version":[{"id":3113,"href":"https:\/\/alfaro.es\/agendaurbana\/wp-json\/wp\/v2\/posts\/3108\/revisions\/3113"}],"wp:featuredmedia":[{"embeddable":true,"href":"https:\/\/alfaro.es\/agendaurbana\/wp-json\/wp\/v2\/media\/3109"}],"wp:attachment":[{"href":"https:\/\/alfaro.es\/agendaurbana\/wp-json\/wp\/v2\/media?parent=3108"}],"wp:term":[{"taxonomy":"category","embeddable":true,"href":"https:\/\/alfaro.es\/agendaurbana\/wp-json\/wp\/v2\/categories?post=3108"},{"taxonomy":"post_tag","embeddable":true,"href":"https:\/\/alfaro.es\/agendaurbana\/wp-json\/wp\/v2\/tags?post=3108"}],"curies":[{"name":"wp","href":"https:\/\/api.w.org\/{rel}","templated":true}]}}