{"id":2143,"date":"2022-07-05T11:49:41","date_gmt":"2022-07-05T09:49:41","guid":{"rendered":"https:\/\/alfaro.es\/agendaurbana\/?p=2143"},"modified":"2022-08-12T11:53:20","modified_gmt":"2022-08-12T09:53:20","slug":"alfaro-vende-sus-atractivos-en-el-foro-urbano-mundial-en-polonia","status":"publish","type":"post","link":"https:\/\/alfaro.es\/agendaurbana\/alfaro-vende-sus-atractivos-en-el-foro-urbano-mundial-en-polonia\/","title":{"rendered":"Alfaro vende sus atractivos en el foro urbano mundial en Polonia"},"content":{"rendered":"<p><strong>El Ayuntamiento de Alfaro particip\u00f3 en el evento &#8216;Gobiernos locales, la clave del \u00e9xito de la Agenda Urbana&#8217;, organizado por la Federaci\u00f3n Espa\u00f1ola de Municipios y Provincias (FEMP) y el Ministerio de Transportes, Movilidad y Agenda Urbana (MITMA) en el Foro Urbano Mundial (WUF por sus siglas en ingl\u00e9s), celebrado del 16 a 30 de junio en Katowice (Polonia).<\/strong><\/p>\n<p>El municipio riojabaje\u00f1o fue invitado por su proyecto piloto en la elaboraci\u00f3n de su plan de acci\u00f3n de agenda urbana. Su caso se puso como ejemplo de buena pr\u00e1ctica para los municipios de menos de 20.000 habitantes.<\/p>\n<p><a href=\"https:\/\/www.larioja.com\/comarcas\/alfaro\/alfaro-vende-atractivos-20220705212629-nt.html\"><strong>Ver noticia completa<\/strong><\/a><\/p>\n","protected":false},"excerpt":{"rendered":"<p>El Ayuntamiento de Alfaro particip\u00f3 en el evento &#8216;Gobiernos locales, la clave del \u00e9xito de la Agenda Urbana&#8217;, organizado por la Federaci\u00f3n Espa\u00f1ola de Municipios y Provincias (FEMP) y el Ministerio de Transportes, Movilidad y Agenda Urbana (MITMA) en el Foro Urbano Mundial (WUF por sus siglas en ingl\u00e9s), celebrado del 16 a 30 de [&hellip;]<\/p>\n","protected":false},"author":1,"featured_media":2147,"comment_status":"open","ping_status":"open","sticky":false,"template":"","format":"standard","meta":{"_acf_changed":false,"_monsterinsights_skip_tracking":false,"_monsterinsights_sitenote_active":false,"_monsterinsights_sitenote_note":"","_monsterinsights_sitenote_category":0,"footnotes":""},"categories":[10],"tags":[],"class_list":["post-2143","post","type-post","status-publish","format-standard","has-post-thumbnail","hentry","category-modelo-de-ciudad"],"acf":[],"yoast_head":"<!-- This site is optimized with the Yoast SEO plugin v24.6 - https:\/\/yoast.com\/wordpress\/plugins\/seo\/ -->\n<title>Alfaro vende sus atractivos en el foro urbano mundial en Polonia - Plan de Acci\u00f3n Alfaro<\/title>\n<meta name=\"robots\" content=\"index, follow, max-snippet:-1, max-image-preview:large, max-video-preview:-1\" \/>\n<link rel=\"canonical\" href=\"https:\/\/alfaro.es\/agendaurbana\/alfaro-vende-sus-atractivos-en-el-foro-urbano-mundial-en-polonia\/\" \/>\n<meta property=\"og:locale\" content=\"es_ES\" \/>\n<meta property=\"og:type\" content=\"article\" \/>\n<meta property=\"og:title\" content=\"Alfaro vende sus atractivos en el foro urbano mundial en Polonia - Plan de Acci\u00f3n Alfaro\" \/>\n<meta property=\"og:description\" content=\"El Ayuntamiento de Alfaro particip\u00f3 en el evento &#8216;Gobiernos locales, la clave del \u00e9xito de la Agenda Urbana&#8217;, organizado por la Federaci\u00f3n Espa\u00f1ola de Municipios y Provincias (FEMP) y el Ministerio de Transportes, Movilidad y Agenda Urbana (MITMA) en el Foro Urbano Mundial (WUF por sus siglas en ingl\u00e9s), celebrado del 16 a 30 de [&hellip;]\" \/>\n<meta property=\"og:url\" content=\"https:\/\/alfaro.es\/agendaurbana\/alfaro-vende-sus-atractivos-en-el-foro-urbano-mundial-en-polonia\/\" \/>\n<meta property=\"og:site_name\" content=\"Plan de Acci\u00f3n Alfaro\" \/>\n<meta property=\"article:published_time\" content=\"2022-07-05T09:49:41+00:00\" \/>\n<meta property=\"article:modified_time\" content=\"2022-08-12T09:53:20+00:00\" \/>\n<meta property=\"og:image\" content=\"https:\/\/alfaro.es\/agendaurbana\/wp-content\/uploads\/2022\/07\/alfaro-polonia-e1657274699517.jpeg\" \/>\n\t<meta property=\"og:image:width\" content=\"768\" \/>\n\t<meta property=\"og:image:height\" content=\"622\" \/>\n\t<meta property=\"og:image:type\" content=\"image\/jpeg\" \/>\n<meta name=\"author\" content=\"cadalzo\" \/>\n<meta name=\"twitter:card\" content=\"summary_large_image\" \/>\n<meta name=\"twitter:label1\" content=\"Escrito por\" \/>\n\t<meta name=\"twitter:data1\" content=\"cadalzo\" \/>\n\t<meta name=\"twitter:label2\" content=\"Tiempo de lectura\" \/>\n\t<meta name=\"twitter:data2\" content=\"1 minuto\" \/>\n<script type=\"application\/ld+json\" class=\"yoast-schema-graph\">{\"@context\":\"https:\/\/schema.org\",\"@graph\":[{\"@type\":\"Article\",\"@id\":\"https:\/\/alfaro.es\/agendaurbana\/alfaro-vende-sus-atractivos-en-el-foro-urbano-mundial-en-polonia\/#article\",\"isPartOf\":{\"@id\":\"https:\/\/alfaro.es\/agendaurbana\/alfaro-vende-sus-atractivos-en-el-foro-urbano-mundial-en-polonia\/\"},\"author\":{\"name\":\"cadalzo\",\"@id\":\"https:\/\/alfaro.es\/agendaurbana\/#\/schema\/person\/de46de97d31dfd2d57e8cbcf995f0563\"},\"headline\":\"Alfaro vende sus atractivos en el foro urbano mundial en Polonia\",\"datePublished\":\"2022-07-05T09:49:41+00:00\",\"dateModified\":\"2022-08-12T09:53:20+00:00\",\"mainEntityOfPage\":{\"@id\":\"https:\/\/alfaro.es\/agendaurbana\/alfaro-vende-sus-atractivos-en-el-foro-urbano-mundial-en-polonia\/\"},\"wordCount\":114,\"commentCount\":0,\"publisher\":{\"@id\":\"https:\/\/alfaro.es\/agendaurbana\/#organization\"},\"image\":{\"@id\":\"https:\/\/alfaro.es\/agendaurbana\/alfaro-vende-sus-atractivos-en-el-foro-urbano-mundial-en-polonia\/#primaryimage\"},\"thumbnailUrl\":\"https:\/\/alfaro.es\/agendaurbana\/wp-content\/uploads\/2022\/07\/alfaro-polonia-e1657274699517.jpeg\",\"articleSection\":[\"Modelo de ciudad\"],\"inLanguage\":\"es\",\"potentialAction\":[{\"@type\":\"CommentAction\",\"name\":\"Comment\",\"target\":[\"https:\/\/alfaro.es\/agendaurbana\/alfaro-vende-sus-atractivos-en-el-foro-urbano-mundial-en-polonia\/#respond\"]}]},{\"@type\":\"WebPage\",\"@id\":\"https:\/\/alfaro.es\/agendaurbana\/alfaro-vende-sus-atractivos-en-el-foro-urbano-mundial-en-polonia\/\",\"url\":\"https:\/\/alfaro.es\/agendaurbana\/alfaro-vende-sus-atractivos-en-el-foro-urbano-mundial-en-polonia\/\",\"name\":\"Alfaro vende sus atractivos en el foro urbano mundial en Polonia - Plan de Acci\u00f3n Alfaro\",\"isPartOf\":{\"@id\":\"https:\/\/alfaro.es\/agendaurbana\/#website\"},\"primaryImageOfPage\":{\"@id\":\"https:\/\/alfaro.es\/agendaurbana\/alfaro-vende-sus-atractivos-en-el-foro-urbano-mundial-en-polonia\/#primaryimage\"},\"image\":{\"@id\":\"https:\/\/alfaro.es\/agendaurbana\/alfaro-vende-sus-atractivos-en-el-foro-urbano-mundial-en-polonia\/#primaryimage\"},\"thumbnailUrl\":\"https:\/\/alfaro.es\/agendaurbana\/wp-content\/uploads\/2022\/07\/alfaro-polonia-e1657274699517.jpeg\",\"datePublished\":\"2022-07-05T09:49:41+00:00\",\"dateModified\":\"2022-08-12T09:53:20+00:00\",\"breadcrumb\":{\"@id\":\"https:\/\/alfaro.es\/agendaurbana\/alfaro-vende-sus-atractivos-en-el-foro-urbano-mundial-en-polonia\/#breadcrumb\"},\"inLanguage\":\"es\",\"potentialAction\":[{\"@type\":\"ReadAction\",\"target\":[\"https:\/\/alfaro.es\/agendaurbana\/alfaro-vende-sus-atractivos-en-el-foro-urbano-mundial-en-polonia\/\"]}]},{\"@type\":\"ImageObject\",\"inLanguage\":\"es\",\"@id\":\"https:\/\/alfaro.es\/agendaurbana\/alfaro-vende-sus-atractivos-en-el-foro-urbano-mundial-en-polonia\/#primaryimage\",\"url\":\"https:\/\/alfaro.es\/agendaurbana\/wp-content\/uploads\/2022\/07\/alfaro-polonia-e1657274699517.jpeg\",\"contentUrl\":\"https:\/\/alfaro.es\/agendaurbana\/wp-content\/uploads\/2022\/07\/alfaro-polonia-e1657274699517.jpeg\",\"width\":768,\"height\":622},{\"@type\":\"BreadcrumbList\",\"@id\":\"https:\/\/alfaro.es\/agendaurbana\/alfaro-vende-sus-atractivos-en-el-foro-urbano-mundial-en-polonia\/#breadcrumb\",\"itemListElement\":[{\"@type\":\"ListItem\",\"position\":1,\"name\":\"Portada\",\"item\":\"https:\/\/alfaro.es\/agendaurbana\/\"},{\"@type\":\"ListItem\",\"position\":2,\"name\":\"Alfaro vende sus atractivos en el foro urbano mundial en Polonia\"}]},{\"@type\":\"WebSite\",\"@id\":\"https:\/\/alfaro.es\/agendaurbana\/#website\",\"url\":\"https:\/\/alfaro.es\/agendaurbana\/\",\"name\":\"Plan de Acci\u00f3n Alfaro\",\"description\":\"Agenda Urbana\",\"publisher\":{\"@id\":\"https:\/\/alfaro.es\/agendaurbana\/#organization\"},\"potentialAction\":[{\"@type\":\"SearchAction\",\"target\":{\"@type\":\"EntryPoint\",\"urlTemplate\":\"https:\/\/alfaro.es\/agendaurbana\/?s={search_term_string}\"},\"query-input\":{\"@type\":\"PropertyValueSpecification\",\"valueRequired\":true,\"valueName\":\"search_term_string\"}}],\"inLanguage\":\"es\"},{\"@type\":\"Organization\",\"@id\":\"https:\/\/alfaro.es\/agendaurbana\/#organization\",\"name\":\"Plan de acci\u00f3n Urbana Alfaro\",\"url\":\"https:\/\/alfaro.es\/agendaurbana\/\",\"logo\":{\"@type\":\"ImageObject\",\"inLanguage\":\"es\",\"@id\":\"https:\/\/alfaro.es\/agendaurbana\/#\/schema\/logo\/image\/\",\"url\":\"https:\/\/alfaro.es\/agendaurbana\/wp-content\/uploads\/2022\/04\/agenda-urbana-alfaro.svg\",\"contentUrl\":\"https:\/\/alfaro.es\/agendaurbana\/wp-content\/uploads\/2022\/04\/agenda-urbana-alfaro.svg\",\"width\":64,\"height\":28,\"caption\":\"Plan de acci\u00f3n Urbana Alfaro\"},\"image\":{\"@id\":\"https:\/\/alfaro.es\/agendaurbana\/#\/schema\/logo\/image\/\"}},{\"@type\":\"Person\",\"@id\":\"https:\/\/alfaro.es\/agendaurbana\/#\/schema\/person\/de46de97d31dfd2d57e8cbcf995f0563\",\"name\":\"cadalzo\",\"image\":{\"@type\":\"ImageObject\",\"inLanguage\":\"es\",\"@id\":\"https:\/\/alfaro.es\/agendaurbana\/#\/schema\/person\/image\/\",\"url\":\"https:\/\/secure.gravatar.com\/avatar\/4862a694a1ff9b01dd7a099132da08e63d5ef074da9676ff3609632d56a18e1a?s=96&d=mm&r=g\",\"contentUrl\":\"https:\/\/secure.gravatar.com\/avatar\/4862a694a1ff9b01dd7a099132da08e63d5ef074da9676ff3609632d56a18e1a?s=96&d=mm&r=g\",\"caption\":\"cadalzo\"},\"sameAs\":[\"https:\/\/alfaro.es\/agendaurbana\"]}]}<\/script>\n<!-- \/ Yoast SEO plugin. -->","yoast_head_json":{"title":"Alfaro vende sus atractivos en el foro urbano mundial en Polonia - Plan de Acci\u00f3n Alfaro","robots":{"index":"index","follow":"follow","max-snippet":"max-snippet:-1","max-image-preview":"max-image-preview:large","max-video-preview":"max-video-preview:-1"},"canonical":"https:\/\/alfaro.es\/agendaurbana\/alfaro-vende-sus-atractivos-en-el-foro-urbano-mundial-en-polonia\/","og_locale":"es_ES","og_type":"article","og_title":"Alfaro vende sus atractivos en el foro urbano mundial en Polonia - Plan de Acci\u00f3n Alfaro","og_description":"El Ayuntamiento de Alfaro particip\u00f3 en el evento &#8216;Gobiernos locales, la clave del \u00e9xito de la Agenda Urbana&#8217;, organizado por la Federaci\u00f3n Espa\u00f1ola de Municipios y Provincias (FEMP) y el Ministerio de Transportes, Movilidad y Agenda Urbana (MITMA) en el Foro Urbano Mundial (WUF por sus siglas en ingl\u00e9s), celebrado del 16 a 30 de [&hellip;]","og_url":"https:\/\/alfaro.es\/agendaurbana\/alfaro-vende-sus-atractivos-en-el-foro-urbano-mundial-en-polonia\/","og_site_name":"Plan de Acci\u00f3n Alfaro","article_published_time":"2022-07-05T09:49:41+00:00","article_modified_time":"2022-08-12T09:53:20+00:00","og_image":[{"width":768,"height":622,"url":"https:\/\/alfaro.es\/agendaurbana\/wp-content\/uploads\/2022\/07\/alfaro-polonia-e1657274699517.jpeg","type":"image\/jpeg"}],"author":"cadalzo","twitter_card":"summary_large_image","twitter_misc":{"Escrito por":"cadalzo","Tiempo de lectura":"1 minuto"},"schema":{"@context":"https:\/\/schema.org","@graph":[{"@type":"Article","@id":"https:\/\/alfaro.es\/agendaurbana\/alfaro-vende-sus-atractivos-en-el-foro-urbano-mundial-en-polonia\/#article","isPartOf":{"@id":"https:\/\/alfaro.es\/agendaurbana\/alfaro-vende-sus-atractivos-en-el-foro-urbano-mundial-en-polonia\/"},"author":{"name":"cadalzo","@id":"https:\/\/alfaro.es\/agendaurbana\/#\/schema\/person\/de46de97d31dfd2d57e8cbcf995f0563"},"headline":"Alfaro vende sus atractivos en el foro urbano mundial en Polonia","datePublished":"2022-07-05T09:49:41+00:00","dateModified":"2022-08-12T09:53:20+00:00","mainEntityOfPage":{"@id":"https:\/\/alfaro.es\/agendaurbana\/alfaro-vende-sus-atractivos-en-el-foro-urbano-mundial-en-polonia\/"},"wordCount":114,"commentCount":0,"publisher":{"@id":"https:\/\/alfaro.es\/agendaurbana\/#organization"},"image":{"@id":"https:\/\/alfaro.es\/agendaurbana\/alfaro-vende-sus-atractivos-en-el-foro-urbano-mundial-en-polonia\/#primaryimage"},"thumbnailUrl":"https:\/\/alfaro.es\/agendaurbana\/wp-content\/uploads\/2022\/07\/alfaro-polonia-e1657274699517.jpeg","articleSection":["Modelo de ciudad"],"inLanguage":"es","potentialAction":[{"@type":"CommentAction","name":"Comment","target":["https:\/\/alfaro.es\/agendaurbana\/alfaro-vende-sus-atractivos-en-el-foro-urbano-mundial-en-polonia\/#respond"]}]},{"@type":"WebPage","@id":"https:\/\/alfaro.es\/agendaurbana\/alfaro-vende-sus-atractivos-en-el-foro-urbano-mundial-en-polonia\/","url":"https:\/\/alfaro.es\/agendaurbana\/alfaro-vende-sus-atractivos-en-el-foro-urbano-mundial-en-polonia\/","name":"Alfaro vende sus atractivos en el foro urbano mundial en Polonia - Plan de Acci\u00f3n Alfaro","isPartOf":{"@id":"https:\/\/alfaro.es\/agendaurbana\/#website"},"primaryImageOfPage":{"@id":"https:\/\/alfaro.es\/agendaurbana\/alfaro-vende-sus-atractivos-en-el-foro-urbano-mundial-en-polonia\/#primaryimage"},"image":{"@id":"https:\/\/alfaro.es\/agendaurbana\/alfaro-vende-sus-atractivos-en-el-foro-urbano-mundial-en-polonia\/#primaryimage"},"thumbnailUrl":"https:\/\/alfaro.es\/agendaurbana\/wp-content\/uploads\/2022\/07\/alfaro-polonia-e1657274699517.jpeg","datePublished":"2022-07-05T09:49:41+00:00","dateModified":"2022-08-12T09:53:20+00:00","breadcrumb":{"@id":"https:\/\/alfaro.es\/agendaurbana\/alfaro-vende-sus-atractivos-en-el-foro-urbano-mundial-en-polonia\/#breadcrumb"},"inLanguage":"es","potentialAction":[{"@type":"ReadAction","target":["https:\/\/alfaro.es\/agendaurbana\/alfaro-vende-sus-atractivos-en-el-foro-urbano-mundial-en-polonia\/"]}]},{"@type":"ImageObject","inLanguage":"es","@id":"https:\/\/alfaro.es\/agendaurbana\/alfaro-vende-sus-atractivos-en-el-foro-urbano-mundial-en-polonia\/#primaryimage","url":"https:\/\/alfaro.es\/agendaurbana\/wp-content\/uploads\/2022\/07\/alfaro-polonia-e1657274699517.jpeg","contentUrl":"https:\/\/alfaro.es\/agendaurbana\/wp-content\/uploads\/2022\/07\/alfaro-polonia-e1657274699517.jpeg","width":768,"height":622},{"@type":"BreadcrumbList","@id":"https:\/\/alfaro.es\/agendaurbana\/alfaro-vende-sus-atractivos-en-el-foro-urbano-mundial-en-polonia\/#breadcrumb","itemListElement":[{"@type":"ListItem","position":1,"name":"Portada","item":"https:\/\/alfaro.es\/agendaurbana\/"},{"@type":"ListItem","position":2,"name":"Alfaro vende sus atractivos en el foro urbano mundial en Polonia"}]},{"@type":"WebSite","@id":"https:\/\/alfaro.es\/agendaurbana\/#website","url":"https:\/\/alfaro.es\/agendaurbana\/","name":"Plan de Acci\u00f3n Alfaro","description":"Agenda Urbana","publisher":{"@id":"https:\/\/alfaro.es\/agendaurbana\/#organization"},"potentialAction":[{"@type":"SearchAction","target":{"@type":"EntryPoint","urlTemplate":"https:\/\/alfaro.es\/agendaurbana\/?s={search_term_string}"},"query-input":{"@type":"PropertyValueSpecification","valueRequired":true,"valueName":"search_term_string"}}],"inLanguage":"es"},{"@type":"Organization","@id":"https:\/\/alfaro.es\/agendaurbana\/#organization","name":"Plan de acci\u00f3n Urbana Alfaro","url":"https:\/\/alfaro.es\/agendaurbana\/","logo":{"@type":"ImageObject","inLanguage":"es","@id":"https:\/\/alfaro.es\/agendaurbana\/#\/schema\/logo\/image\/","url":"https:\/\/alfaro.es\/agendaurbana\/wp-content\/uploads\/2022\/04\/agenda-urbana-alfaro.svg","contentUrl":"https:\/\/alfaro.es\/agendaurbana\/wp-content\/uploads\/2022\/04\/agenda-urbana-alfaro.svg","width":64,"height":28,"caption":"Plan de acci\u00f3n Urbana Alfaro"},"image":{"@id":"https:\/\/alfaro.es\/agendaurbana\/#\/schema\/logo\/image\/"}},{"@type":"Person","@id":"https:\/\/alfaro.es\/agendaurbana\/#\/schema\/person\/de46de97d31dfd2d57e8cbcf995f0563","name":"cadalzo","image":{"@type":"ImageObject","inLanguage":"es","@id":"https:\/\/alfaro.es\/agendaurbana\/#\/schema\/person\/image\/","url":"https:\/\/secure.gravatar.com\/avatar\/4862a694a1ff9b01dd7a099132da08e63d5ef074da9676ff3609632d56a18e1a?s=96&d=mm&r=g","contentUrl":"https:\/\/secure.gravatar.com\/avatar\/4862a694a1ff9b01dd7a099132da08e63d5ef074da9676ff3609632d56a18e1a?s=96&d=mm&r=g","caption":"cadalzo"},"sameAs":["https:\/\/alfaro.es\/agendaurbana"]}]}},"_links":{"self":[{"href":"https:\/\/alfaro.es\/agendaurbana\/wp-json\/wp\/v2\/posts\/2143","targetHints":{"allow":["GET"]}}],"collection":[{"href":"https:\/\/alfaro.es\/agendaurbana\/wp-json\/wp\/v2\/posts"}],"about":[{"href":"https:\/\/alfaro.es\/agendaurbana\/wp-json\/wp\/v2\/types\/post"}],"author":[{"embeddable":true,"href":"https:\/\/alfaro.es\/agendaurbana\/wp-json\/wp\/v2\/users\/1"}],"replies":[{"embeddable":true,"href":"https:\/\/alfaro.es\/agendaurbana\/wp-json\/wp\/v2\/comments?post=2143"}],"version-history":[{"count":2,"href":"https:\/\/alfaro.es\/agendaurbana\/wp-json\/wp\/v2\/posts\/2143\/revisions"}],"predecessor-version":[{"id":3112,"href":"https:\/\/alfaro.es\/agendaurbana\/wp-json\/wp\/v2\/posts\/2143\/revisions\/3112"}],"wp:featuredmedia":[{"embeddable":true,"href":"https:\/\/alfaro.es\/agendaurbana\/wp-json\/wp\/v2\/media\/2147"}],"wp:attachment":[{"href":"https:\/\/alfaro.es\/agendaurbana\/wp-json\/wp\/v2\/media?parent=2143"}],"wp:term":[{"taxonomy":"category","embeddable":true,"href":"https:\/\/alfaro.es\/agendaurbana\/wp-json\/wp\/v2\/categories?post=2143"},{"taxonomy":"post_tag","embeddable":true,"href":"https:\/\/alfaro.es\/agendaurbana\/wp-json\/wp\/v2\/tags?post=2143"}],"curies":[{"name":"wp","href":"https:\/\/api.w.org\/{rel}","templated":true}]}}